{"id":2977,"date":"2020-06-20T17:21:24","date_gmt":"2020-06-20T15:21:24","guid":{"rendered":"https:\/\/www.mariazell-wienerwald.at\/?p=2977"},"modified":"2020-06-23T09:38:06","modified_gmt":"2020-06-23T07:38:06","slug":"kulturstammtische-der-region-oberes-triestingtal","status":"publish","type":"post","link":"https:\/\/www.mariazell-wienerwald.at\/en\/kulturstammtische-der-region-oberes-triestingtal\/","title":{"rendered":"Kulturstammtische der Region Oberes Triestingtal"},"content":{"rendered":"<p><img fetchpriority=\"high\" decoding=\"async\" class=\"wp-image-1219 size-medium alignright\" src=\"https:\/\/www.mariazell-wienerwald.at\/wp-content\/uploads\/2020\/03\/Peilstein-300x225.jpg\" alt=\"\" width=\"300\" height=\"225\" srcset=\"https:\/\/www.mariazell-wienerwald.at\/wp-content\/uploads\/2020\/03\/Peilstein-300x225.jpg 300w, https:\/\/www.mariazell-wienerwald.at\/wp-content\/uploads\/2020\/03\/Peilstein-scaled-600x451.jpg 600w, https:\/\/www.mariazell-wienerwald.at\/wp-content\/uploads\/2020\/03\/Peilstein-1024x769.jpg 1024w, https:\/\/www.mariazell-wienerwald.at\/wp-content\/uploads\/2020\/03\/Peilstein-768x577.jpg 768w, https:\/\/www.mariazell-wienerwald.at\/wp-content\/uploads\/2020\/03\/Peilstein-1536x1154.jpg 1536w, https:\/\/www.mariazell-wienerwald.at\/wp-content\/uploads\/2020\/03\/Peilstein-2048x1539.jpg 2048w\" sizes=\"(max-width: 300px) 100vw, 300px\" \/>Die Vereine &#8222;Freunde der Araburg&#8220;, &#8222;Mariazell im Wienerwald&#8220; und &#8222;Burg Neuhaus&#8220; haben beschlossen, k\u00fcnftig in Fragen des Tourismus und kultureller Aktivit\u00e4ten enger zu kooperieren. Neben Aktivit\u00e4ten in den Bereichen Marketing, Planung von Veranstaltungen und PR soll jedoch auch den BewohnerInnen der Region die M\u00f6glichkeit gegeben werden, die Kostbarkeiten Ihrer n\u00e4heren und ferneren Umgebung kennenzulernen.<\/p>\n<p>Aus diesem Grund haben wir den Kulturstammtisch der Region Oberes Triestingtal ins Leben gerufen. Dieser soll ab Juli viertellj\u00e4hrlich und jedes Mal in einer anderen Gemeinde der Region stattfinden. Thematisch wird es um Fragen der Geschichte, des kulturellen Erbes, aber auch des aktuellen und k\u00fcnftigen Umgangs damit gehen.<\/p>\n<p>Mit der Veranstaltung m\u00f6chten wir auch ein erh\u00f6htes Bewusstsein f\u00fcr die Zusammengeh\u00f6rigkeit der Region \u00fcber Gemeindegrenzen hinweg schaffen. Oft befinden sich gro\u00dfe Kostbarkeiten nicht weit weg &#8211; da sie jedoch jenseits der Gemeindegrenze liegen, bleiben sie vielen Menschen unbekannt.<\/p>\n<p>Das wollen wir \u00e4ndern, denn es gibt unendlich viel zu entdecken im oberen Triestingtal!<\/p>\n<p><a href=\"https:\/\/www.mariazell-wienerwald.at\/en\/veranstaltungen\/1-kulturstammtisch-oberes-triestingtal\/\" target=\"_blank\" rel=\"noopener noreferrer\"><strong>Finden Sie HIER n\u00e4here Informationen zum 1. Kulturstammtisch am 10. Juli 2020.<\/strong><\/a><\/p>","protected":false},"excerpt":{"rendered":"<p>Die Vereine &#8222;Freunde der Araburg&#8220;, &#8222;Mariazell im Wienerwald&#8220; und &#8222;Burg Neuhaus&#8220; haben beschlossen, k\u00fcnftig in Fragen des Tourismus und kultureller Aktivit\u00e4ten enger zu kooperieren. Neben Aktivit\u00e4ten in den Bereichen Marketing, Planung von Veranstaltungen und PR soll jedoch auch den BewohnerInnen der Region die M\u00f6glichkeit gegeben werden, die Kostbarkeiten Ihrer n\u00e4heren und ferneren Umgebung kennenzulernen. Aus [&hellip;]<\/p>","protected":false},"author":3,"featured_media":0,"comment_status":"open","ping_status":"open","sticky":false,"template":"","format":"standard","meta":{"_acf_changed":false,"footnotes":""},"categories":[1],"tags":[],"class_list":["post-2977","post","type-post","status-publish","format-standard","hentry","category-allgemein"],"acf":[],"yoast_head":"<!-- This site is optimized with the Yoast SEO plugin v23.1 - https:\/\/yoast.com\/wordpress\/plugins\/seo\/ -->\n<title>Kulturstammtische der Region Oberes Triestingtal - Mariazell im Wienerwald<\/title>\n<meta name=\"robots\" content=\"index, follow, max-snippet:-1, max-image-preview:large, max-video-preview:-1\" \/>\n<link rel=\"canonical\" href=\"https:\/\/www.mariazell-wienerwald.at\/en\/kulturstammtische-der-region-oberes-triestingtal\/\" \/>\n<meta property=\"og:locale\" content=\"en_US\" \/>\n<meta property=\"og:type\" content=\"article\" \/>\n<meta property=\"og:title\" content=\"Kulturstammtische der Region Oberes Triestingtal - Mariazell im Wienerwald\" \/>\n<meta property=\"og:description\" content=\"Die Vereine &#8222;Freunde der Araburg&#8220;, &#8222;Mariazell im Wienerwald&#8220; und &#8222;Burg Neuhaus&#8220; haben beschlossen, k\u00fcnftig in Fragen des Tourismus und kultureller Aktivit\u00e4ten enger zu kooperieren. Neben Aktivit\u00e4ten in den Bereichen Marketing, Planung von Veranstaltungen und PR soll jedoch auch den BewohnerInnen der Region die M\u00f6glichkeit gegeben werden, die Kostbarkeiten Ihrer n\u00e4heren und ferneren Umgebung kennenzulernen. Aus [&hellip;]\" \/>\n<meta property=\"og:url\" content=\"https:\/\/www.mariazell-wienerwald.at\/en\/kulturstammtische-der-region-oberes-triestingtal\/\" \/>\n<meta property=\"og:site_name\" content=\"Mariazell im Wienerwald\" \/>\n<meta property=\"article:published_time\" content=\"2020-06-20T15:21:24+00:00\" \/>\n<meta property=\"article:modified_time\" content=\"2020-06-23T07:38:06+00:00\" \/>\n<meta property=\"og:image\" content=\"https:\/\/www.mariazell-wienerwald.at\/wp-content\/uploads\/2020\/03\/Peilstein-300x225.jpg\" \/>\n<meta name=\"author\" content=\"Thomas Aigner\" \/>\n<meta name=\"twitter:card\" content=\"summary_large_image\" \/>\n<meta name=\"twitter:label1\" content=\"Written by\" \/>\n\t<meta name=\"twitter:data1\" content=\"Thomas Aigner\" \/>\n\t<meta name=\"twitter:label2\" content=\"Est. reading time\" \/>\n\t<meta name=\"twitter:data2\" content=\"1 minute\" \/>\n<script type=\"application\/ld+json\" class=\"yoast-schema-graph\">{\"@context\":\"https:\/\/schema.org\",\"@graph\":[{\"@type\":\"WebPage\",\"@id\":\"https:\/\/www.mariazell-wienerwald.at\/kulturstammtische-der-region-oberes-triestingtal\/\",\"url\":\"https:\/\/www.mariazell-wienerwald.at\/kulturstammtische-der-region-oberes-triestingtal\/\",\"name\":\"Kulturstammtische der Region Oberes Triestingtal - Mariazell im Wienerwald\",\"isPartOf\":{\"@id\":\"https:\/\/www.mariazell-wienerwald.at\/#website\"},\"primaryImageOfPage\":{\"@id\":\"https:\/\/www.mariazell-wienerwald.at\/kulturstammtische-der-region-oberes-triestingtal\/#primaryimage\"},\"image\":{\"@id\":\"https:\/\/www.mariazell-wienerwald.at\/kulturstammtische-der-region-oberes-triestingtal\/#primaryimage\"},\"thumbnailUrl\":\"https:\/\/www.mariazell-wienerwald.at\/wp-content\/uploads\/2020\/03\/Peilstein-300x225.jpg\",\"datePublished\":\"2020-06-20T15:21:24+00:00\",\"dateModified\":\"2020-06-23T07:38:06+00:00\",\"author\":{\"@id\":\"https:\/\/www.mariazell-wienerwald.at\/#\/schema\/person\/8aa8609a154a15cf2e659bc8d1b8cc68\"},\"breadcrumb\":{\"@id\":\"https:\/\/www.mariazell-wienerwald.at\/kulturstammtische-der-region-oberes-triestingtal\/#breadcrumb\"},\"inLanguage\":\"en-US\",\"potentialAction\":[{\"@type\":\"ReadAction\",\"target\":[\"https:\/\/www.mariazell-wienerwald.at\/kulturstammtische-der-region-oberes-triestingtal\/\"]}]},{\"@type\":\"ImageObject\",\"inLanguage\":\"en-US\",\"@id\":\"https:\/\/www.mariazell-wienerwald.at\/kulturstammtische-der-region-oberes-triestingtal\/#primaryimage\",\"url\":\"https:\/\/www.mariazell-wienerwald.at\/wp-content\/uploads\/2020\/03\/Peilstein-300x225.jpg\",\"contentUrl\":\"https:\/\/www.mariazell-wienerwald.at\/wp-content\/uploads\/2020\/03\/Peilstein-300x225.jpg\"},{\"@type\":\"BreadcrumbList\",\"@id\":\"https:\/\/www.mariazell-wienerwald.at\/kulturstammtische-der-region-oberes-triestingtal\/#breadcrumb\",\"itemListElement\":[{\"@type\":\"ListItem\",\"position\":1,\"name\":\"Startseite\",\"item\":\"https:\/\/www.mariazell-wienerwald.at\/\"},{\"@type\":\"ListItem\",\"position\":2,\"name\":\"Kulturstammtische der Region Oberes Triestingtal\"}]},{\"@type\":\"WebSite\",\"@id\":\"https:\/\/www.mariazell-wienerwald.at\/#website\",\"url\":\"https:\/\/www.mariazell-wienerwald.at\/\",\"name\":\"Mariazell im Wienerwald\",\"description\":\"\",\"potentialAction\":[{\"@type\":\"SearchAction\",\"target\":{\"@type\":\"EntryPoint\",\"urlTemplate\":\"https:\/\/www.mariazell-wienerwald.at\/?s={search_term_string}\"},\"query-input\":\"required name=search_term_string\"}],\"inLanguage\":\"en-US\"},{\"@type\":\"Person\",\"@id\":\"https:\/\/www.mariazell-wienerwald.at\/#\/schema\/person\/8aa8609a154a15cf2e659bc8d1b8cc68\",\"name\":\"Thomas Aigner\",\"image\":{\"@type\":\"ImageObject\",\"inLanguage\":\"en-US\",\"@id\":\"https:\/\/www.mariazell-wienerwald.at\/#\/schema\/person\/image\/\",\"url\":\"https:\/\/secure.gravatar.com\/avatar\/3036fba9b4bba76d18c9c1c1a271e447?s=96&d=mm&r=g\",\"contentUrl\":\"https:\/\/secure.gravatar.com\/avatar\/3036fba9b4bba76d18c9c1c1a271e447?s=96&d=mm&r=g\",\"caption\":\"Thomas Aigner\"},\"url\":\"https:\/\/www.mariazell-wienerwald.at\/en\/author\/thomas-aigner\/\"}]}<\/script>\n<!-- \/ Yoast SEO plugin. -->","yoast_head_json":{"title":"Kulturstammtische der Region Oberes Triestingtal - Mariazell im Wienerwald","robots":{"index":"index","follow":"follow","max-snippet":"max-snippet:-1","max-image-preview":"max-image-preview:large","max-video-preview":"max-video-preview:-1"},"canonical":"https:\/\/www.mariazell-wienerwald.at\/en\/kulturstammtische-der-region-oberes-triestingtal\/","og_locale":"en_US","og_type":"article","og_title":"Kulturstammtische der Region Oberes Triestingtal - Mariazell im Wienerwald","og_description":"Die Vereine &#8222;Freunde der Araburg&#8220;, &#8222;Mariazell im Wienerwald&#8220; und &#8222;Burg Neuhaus&#8220; haben beschlossen, k\u00fcnftig in Fragen des Tourismus und kultureller Aktivit\u00e4ten enger zu kooperieren. Neben Aktivit\u00e4ten in den Bereichen Marketing, Planung von Veranstaltungen und PR soll jedoch auch den BewohnerInnen der Region die M\u00f6glichkeit gegeben werden, die Kostbarkeiten Ihrer n\u00e4heren und ferneren Umgebung kennenzulernen. Aus [&hellip;]","og_url":"https:\/\/www.mariazell-wienerwald.at\/en\/kulturstammtische-der-region-oberes-triestingtal\/","og_site_name":"Mariazell im Wienerwald","article_published_time":"2020-06-20T15:21:24+00:00","article_modified_time":"2020-06-23T07:38:06+00:00","og_image":[{"url":"https:\/\/www.mariazell-wienerwald.at\/wp-content\/uploads\/2020\/03\/Peilstein-300x225.jpg"}],"author":"Thomas Aigner","twitter_card":"summary_large_image","twitter_misc":{"Written by":"Thomas Aigner","Est. reading time":"1 minute"},"schema":{"@context":"https:\/\/schema.org","@graph":[{"@type":"WebPage","@id":"https:\/\/www.mariazell-wienerwald.at\/kulturstammtische-der-region-oberes-triestingtal\/","url":"https:\/\/www.mariazell-wienerwald.at\/kulturstammtische-der-region-oberes-triestingtal\/","name":"Kulturstammtische der Region Oberes Triestingtal - Mariazell im Wienerwald","isPartOf":{"@id":"https:\/\/www.mariazell-wienerwald.at\/#website"},"primaryImageOfPage":{"@id":"https:\/\/www.mariazell-wienerwald.at\/kulturstammtische-der-region-oberes-triestingtal\/#primaryimage"},"image":{"@id":"https:\/\/www.mariazell-wienerwald.at\/kulturstammtische-der-region-oberes-triestingtal\/#primaryimage"},"thumbnailUrl":"https:\/\/www.mariazell-wienerwald.at\/wp-content\/uploads\/2020\/03\/Peilstein-300x225.jpg","datePublished":"2020-06-20T15:21:24+00:00","dateModified":"2020-06-23T07:38:06+00:00","author":{"@id":"https:\/\/www.mariazell-wienerwald.at\/#\/schema\/person\/8aa8609a154a15cf2e659bc8d1b8cc68"},"breadcrumb":{"@id":"https:\/\/www.mariazell-wienerwald.at\/kulturstammtische-der-region-oberes-triestingtal\/#breadcrumb"},"inLanguage":"en-US","potentialAction":[{"@type":"ReadAction","target":["https:\/\/www.mariazell-wienerwald.at\/kulturstammtische-der-region-oberes-triestingtal\/"]}]},{"@type":"ImageObject","inLanguage":"en-US","@id":"https:\/\/www.mariazell-wienerwald.at\/kulturstammtische-der-region-oberes-triestingtal\/#primaryimage","url":"https:\/\/www.mariazell-wienerwald.at\/wp-content\/uploads\/2020\/03\/Peilstein-300x225.jpg","contentUrl":"https:\/\/www.mariazell-wienerwald.at\/wp-content\/uploads\/2020\/03\/Peilstein-300x225.jpg"},{"@type":"BreadcrumbList","@id":"https:\/\/www.mariazell-wienerwald.at\/kulturstammtische-der-region-oberes-triestingtal\/#breadcrumb","itemListElement":[{"@type":"ListItem","position":1,"name":"Startseite","item":"https:\/\/www.mariazell-wienerwald.at\/"},{"@type":"ListItem","position":2,"name":"Kulturstammtische der Region Oberes Triestingtal"}]},{"@type":"WebSite","@id":"https:\/\/www.mariazell-wienerwald.at\/#website","url":"https:\/\/www.mariazell-wienerwald.at\/","name":"Mariazell im Wienerwald","description":"","potentialAction":[{"@type":"SearchAction","target":{"@type":"EntryPoint","urlTemplate":"https:\/\/www.mariazell-wienerwald.at\/?s={search_term_string}"},"query-input":"required name=search_term_string"}],"inLanguage":"en-US"},{"@type":"Person","@id":"https:\/\/www.mariazell-wienerwald.at\/#\/schema\/person\/8aa8609a154a15cf2e659bc8d1b8cc68","name":"Thomas Aigner","image":{"@type":"ImageObject","inLanguage":"en-US","@id":"https:\/\/www.mariazell-wienerwald.at\/#\/schema\/person\/image\/","url":"https:\/\/secure.gravatar.com\/avatar\/3036fba9b4bba76d18c9c1c1a271e447?s=96&d=mm&r=g","contentUrl":"https:\/\/secure.gravatar.com\/avatar\/3036fba9b4bba76d18c9c1c1a271e447?s=96&d=mm&r=g","caption":"Thomas Aigner"},"url":"https:\/\/www.mariazell-wienerwald.at\/en\/author\/thomas-aigner\/"}]}},"_links":{"self":[{"href":"https:\/\/www.mariazell-wienerwald.at\/en\/wp-json\/wp\/v2\/posts\/2977"}],"collection":[{"href":"https:\/\/www.mariazell-wienerwald.at\/en\/wp-json\/wp\/v2\/posts"}],"about":[{"href":"https:\/\/www.mariazell-wienerwald.at\/en\/wp-json\/wp\/v2\/types\/post"}],"author":[{"embeddable":true,"href":"https:\/\/www.mariazell-wienerwald.at\/en\/wp-json\/wp\/v2\/users\/3"}],"replies":[{"embeddable":true,"href":"https:\/\/www.mariazell-wienerwald.at\/en\/wp-json\/wp\/v2\/comments?post=2977"}],"version-history":[{"count":5,"href":"https:\/\/www.mariazell-wienerwald.at\/en\/wp-json\/wp\/v2\/posts\/2977\/revisions"}],"predecessor-version":[{"id":2995,"href":"https:\/\/www.mariazell-wienerwald.at\/en\/wp-json\/wp\/v2\/posts\/2977\/revisions\/2995"}],"wp:attachment":[{"href":"https:\/\/www.mariazell-wienerwald.at\/en\/wp-json\/wp\/v2\/media?parent=2977"}],"wp:term":[{"taxonomy":"category","embeddable":true,"href":"https:\/\/www.mariazell-wienerwald.at\/en\/wp-json\/wp\/v2\/categories?post=2977"},{"taxonomy":"post_tag","embeddable":true,"href":"https:\/\/www.mariazell-wienerwald.at\/en\/wp-json\/wp\/v2\/tags?post=2977"}],"curies":[{"name":"wp","href":"https:\/\/api.w.org\/{rel}","templated":true}]}}