{"id":3451,"date":"2020-09-25T12:17:19","date_gmt":"2020-09-25T10:17:19","guid":{"rendered":"https:\/\/www.mariazell-wienerwald.at\/?p=3451"},"modified":"2020-09-25T12:17:19","modified_gmt":"2020-09-25T10:17:19","slug":"ein-besuch-des-klosters-klein-mariazell-im-jahr-1746","status":"publish","type":"post","link":"https:\/\/www.mariazell-wienerwald.at\/en\/ein-besuch-des-klosters-klein-mariazell-im-jahr-1746\/","title":{"rendered":"Ein Besuch des Klosters (Klein) Mariazell im Jahr 1746"},"content":{"rendered":"<p>Im Herbst 1746 machte fr. Heinrich Pichler aus Kremsm\u00fcnster eine Reise durch Nieder\u00f6sterreich und besuchte dabei auch zahlreiche Kl\u00f6ster und Kirchen.<\/p>\n<p>Seine Impressionen schrieb er in seinem Tagebuch nieder, das die Wiener Zeitung 1937 in Ausz\u00fcgen ver\u00f6ffentlichte.<\/p>\n<p><a href=\"http:\/\/anno.onb.ac.at\/cgi-content\/anno?aid=wrz&amp;datum=19370328&amp;seite=28&amp;zoom=33\" target=\"_blank\" rel=\"noopener noreferrer\">Lesen Sie mehr<\/a><\/p>","protected":false},"excerpt":{"rendered":"<p>Im Herbst 1746 machte fr. Heinrich Pichler aus Kremsm\u00fcnster eine Reise durch Nieder\u00f6sterreich und besuchte dabei auch zahlreiche Kl\u00f6ster und Kirchen. Seine Impressionen schrieb er in seinem Tagebuch nieder, das die Wiener Zeitung 1937 in Ausz\u00fcgen ver\u00f6ffentlichte. Lesen Sie mehr<\/p>","protected":false},"author":3,"featured_media":0,"comment_status":"open","ping_status":"open","sticky":false,"template":"","format":"standard","meta":{"_acf_changed":false,"footnotes":""},"categories":[1],"tags":[],"class_list":["post-3451","post","type-post","status-publish","format-standard","hentry","category-allgemein"],"acf":[],"yoast_head":"<!-- This site is optimized with the Yoast SEO plugin v23.1 - https:\/\/yoast.com\/wordpress\/plugins\/seo\/ -->\n<title>Ein Besuch des Klosters (Klein) Mariazell im Jahr 1746 - Mariazell im Wienerwald<\/title>\n<meta name=\"robots\" content=\"index, follow, max-snippet:-1, max-image-preview:large, max-video-preview:-1\" \/>\n<link rel=\"canonical\" href=\"https:\/\/www.mariazell-wienerwald.at\/en\/ein-besuch-des-klosters-klein-mariazell-im-jahr-1746\/\" \/>\n<meta property=\"og:locale\" content=\"en_US\" \/>\n<meta property=\"og:type\" content=\"article\" \/>\n<meta property=\"og:title\" content=\"Ein Besuch des Klosters (Klein) Mariazell im Jahr 1746 - Mariazell im Wienerwald\" \/>\n<meta property=\"og:description\" content=\"Im Herbst 1746 machte fr. Heinrich Pichler aus Kremsm\u00fcnster eine Reise durch Nieder\u00f6sterreich und besuchte dabei auch zahlreiche Kl\u00f6ster und Kirchen. Seine Impressionen schrieb er in seinem Tagebuch nieder, das die Wiener Zeitung 1937 in Ausz\u00fcgen ver\u00f6ffentlichte. Lesen Sie mehr\" \/>\n<meta property=\"og:url\" content=\"https:\/\/www.mariazell-wienerwald.at\/en\/ein-besuch-des-klosters-klein-mariazell-im-jahr-1746\/\" \/>\n<meta property=\"og:site_name\" content=\"Mariazell im Wienerwald\" \/>\n<meta property=\"article:published_time\" content=\"2020-09-25T10:17:19+00:00\" \/>\n<meta name=\"author\" content=\"Thomas Aigner\" \/>\n<meta name=\"twitter:card\" content=\"summary_large_image\" \/>\n<meta name=\"twitter:label1\" content=\"Written by\" \/>\n\t<meta name=\"twitter:data1\" content=\"Thomas Aigner\" \/>\n<script type=\"application\/ld+json\" class=\"yoast-schema-graph\">{\"@context\":\"https:\/\/schema.org\",\"@graph\":[{\"@type\":\"WebPage\",\"@id\":\"https:\/\/www.mariazell-wienerwald.at\/ein-besuch-des-klosters-klein-mariazell-im-jahr-1746\/\",\"url\":\"https:\/\/www.mariazell-wienerwald.at\/ein-besuch-des-klosters-klein-mariazell-im-jahr-1746\/\",\"name\":\"Ein Besuch des Klosters (Klein) Mariazell im Jahr 1746 - Mariazell im Wienerwald\",\"isPartOf\":{\"@id\":\"https:\/\/www.mariazell-wienerwald.at\/#website\"},\"datePublished\":\"2020-09-25T10:17:19+00:00\",\"dateModified\":\"2020-09-25T10:17:19+00:00\",\"author\":{\"@id\":\"https:\/\/www.mariazell-wienerwald.at\/#\/schema\/person\/8aa8609a154a15cf2e659bc8d1b8cc68\"},\"breadcrumb\":{\"@id\":\"https:\/\/www.mariazell-wienerwald.at\/ein-besuch-des-klosters-klein-mariazell-im-jahr-1746\/#breadcrumb\"},\"inLanguage\":\"en-US\",\"potentialAction\":[{\"@type\":\"ReadAction\",\"target\":[\"https:\/\/www.mariazell-wienerwald.at\/ein-besuch-des-klosters-klein-mariazell-im-jahr-1746\/\"]}]},{\"@type\":\"BreadcrumbList\",\"@id\":\"https:\/\/www.mariazell-wienerwald.at\/ein-besuch-des-klosters-klein-mariazell-im-jahr-1746\/#breadcrumb\",\"itemListElement\":[{\"@type\":\"ListItem\",\"position\":1,\"name\":\"Startseite\",\"item\":\"https:\/\/www.mariazell-wienerwald.at\/\"},{\"@type\":\"ListItem\",\"position\":2,\"name\":\"Ein Besuch des Klosters (Klein) Mariazell im Jahr 1746\"}]},{\"@type\":\"WebSite\",\"@id\":\"https:\/\/www.mariazell-wienerwald.at\/#website\",\"url\":\"https:\/\/www.mariazell-wienerwald.at\/\",\"name\":\"Mariazell im Wienerwald\",\"description\":\"\",\"potentialAction\":[{\"@type\":\"SearchAction\",\"target\":{\"@type\":\"EntryPoint\",\"urlTemplate\":\"https:\/\/www.mariazell-wienerwald.at\/?s={search_term_string}\"},\"query-input\":\"required name=search_term_string\"}],\"inLanguage\":\"en-US\"},{\"@type\":\"Person\",\"@id\":\"https:\/\/www.mariazell-wienerwald.at\/#\/schema\/person\/8aa8609a154a15cf2e659bc8d1b8cc68\",\"name\":\"Thomas Aigner\",\"image\":{\"@type\":\"ImageObject\",\"inLanguage\":\"en-US\",\"@id\":\"https:\/\/www.mariazell-wienerwald.at\/#\/schema\/person\/image\/\",\"url\":\"https:\/\/secure.gravatar.com\/avatar\/3036fba9b4bba76d18c9c1c1a271e447?s=96&d=mm&r=g\",\"contentUrl\":\"https:\/\/secure.gravatar.com\/avatar\/3036fba9b4bba76d18c9c1c1a271e447?s=96&d=mm&r=g\",\"caption\":\"Thomas Aigner\"},\"url\":\"https:\/\/www.mariazell-wienerwald.at\/en\/author\/thomas-aigner\/\"}]}<\/script>\n<!-- \/ Yoast SEO plugin. -->","yoast_head_json":{"title":"Ein Besuch des Klosters (Klein) Mariazell im Jahr 1746 - Mariazell im Wienerwald","robots":{"index":"index","follow":"follow","max-snippet":"max-snippet:-1","max-image-preview":"max-image-preview:large","max-video-preview":"max-video-preview:-1"},"canonical":"https:\/\/www.mariazell-wienerwald.at\/en\/ein-besuch-des-klosters-klein-mariazell-im-jahr-1746\/","og_locale":"en_US","og_type":"article","og_title":"Ein Besuch des Klosters (Klein) Mariazell im Jahr 1746 - Mariazell im Wienerwald","og_description":"Im Herbst 1746 machte fr. Heinrich Pichler aus Kremsm\u00fcnster eine Reise durch Nieder\u00f6sterreich und besuchte dabei auch zahlreiche Kl\u00f6ster und Kirchen. Seine Impressionen schrieb er in seinem Tagebuch nieder, das die Wiener Zeitung 1937 in Ausz\u00fcgen ver\u00f6ffentlichte. Lesen Sie mehr","og_url":"https:\/\/www.mariazell-wienerwald.at\/en\/ein-besuch-des-klosters-klein-mariazell-im-jahr-1746\/","og_site_name":"Mariazell im Wienerwald","article_published_time":"2020-09-25T10:17:19+00:00","author":"Thomas Aigner","twitter_card":"summary_large_image","twitter_misc":{"Written by":"Thomas Aigner"},"schema":{"@context":"https:\/\/schema.org","@graph":[{"@type":"WebPage","@id":"https:\/\/www.mariazell-wienerwald.at\/ein-besuch-des-klosters-klein-mariazell-im-jahr-1746\/","url":"https:\/\/www.mariazell-wienerwald.at\/ein-besuch-des-klosters-klein-mariazell-im-jahr-1746\/","name":"Ein Besuch des Klosters (Klein) Mariazell im Jahr 1746 - Mariazell im Wienerwald","isPartOf":{"@id":"https:\/\/www.mariazell-wienerwald.at\/#website"},"datePublished":"2020-09-25T10:17:19+00:00","dateModified":"2020-09-25T10:17:19+00:00","author":{"@id":"https:\/\/www.mariazell-wienerwald.at\/#\/schema\/person\/8aa8609a154a15cf2e659bc8d1b8cc68"},"breadcrumb":{"@id":"https:\/\/www.mariazell-wienerwald.at\/ein-besuch-des-klosters-klein-mariazell-im-jahr-1746\/#breadcrumb"},"inLanguage":"en-US","potentialAction":[{"@type":"ReadAction","target":["https:\/\/www.mariazell-wienerwald.at\/ein-besuch-des-klosters-klein-mariazell-im-jahr-1746\/"]}]},{"@type":"BreadcrumbList","@id":"https:\/\/www.mariazell-wienerwald.at\/ein-besuch-des-klosters-klein-mariazell-im-jahr-1746\/#breadcrumb","itemListElement":[{"@type":"ListItem","position":1,"name":"Startseite","item":"https:\/\/www.mariazell-wienerwald.at\/"},{"@type":"ListItem","position":2,"name":"Ein Besuch des Klosters (Klein) Mariazell im Jahr 1746"}]},{"@type":"WebSite","@id":"https:\/\/www.mariazell-wienerwald.at\/#website","url":"https:\/\/www.mariazell-wienerwald.at\/","name":"Mariazell im Wienerwald","description":"","potentialAction":[{"@type":"SearchAction","target":{"@type":"EntryPoint","urlTemplate":"https:\/\/www.mariazell-wienerwald.at\/?s={search_term_string}"},"query-input":"required name=search_term_string"}],"inLanguage":"en-US"},{"@type":"Person","@id":"https:\/\/www.mariazell-wienerwald.at\/#\/schema\/person\/8aa8609a154a15cf2e659bc8d1b8cc68","name":"Thomas Aigner","image":{"@type":"ImageObject","inLanguage":"en-US","@id":"https:\/\/www.mariazell-wienerwald.at\/#\/schema\/person\/image\/","url":"https:\/\/secure.gravatar.com\/avatar\/3036fba9b4bba76d18c9c1c1a271e447?s=96&d=mm&r=g","contentUrl":"https:\/\/secure.gravatar.com\/avatar\/3036fba9b4bba76d18c9c1c1a271e447?s=96&d=mm&r=g","caption":"Thomas Aigner"},"url":"https:\/\/www.mariazell-wienerwald.at\/en\/author\/thomas-aigner\/"}]}},"_links":{"self":[{"href":"https:\/\/www.mariazell-wienerwald.at\/en\/wp-json\/wp\/v2\/posts\/3451"}],"collection":[{"href":"https:\/\/www.mariazell-wienerwald.at\/en\/wp-json\/wp\/v2\/posts"}],"about":[{"href":"https:\/\/www.mariazell-wienerwald.at\/en\/wp-json\/wp\/v2\/types\/post"}],"author":[{"embeddable":true,"href":"https:\/\/www.mariazell-wienerwald.at\/en\/wp-json\/wp\/v2\/users\/3"}],"replies":[{"embeddable":true,"href":"https:\/\/www.mariazell-wienerwald.at\/en\/wp-json\/wp\/v2\/comments?post=3451"}],"version-history":[{"count":1,"href":"https:\/\/www.mariazell-wienerwald.at\/en\/wp-json\/wp\/v2\/posts\/3451\/revisions"}],"predecessor-version":[{"id":3452,"href":"https:\/\/www.mariazell-wienerwald.at\/en\/wp-json\/wp\/v2\/posts\/3451\/revisions\/3452"}],"wp:attachment":[{"href":"https:\/\/www.mariazell-wienerwald.at\/en\/wp-json\/wp\/v2\/media?parent=3451"}],"wp:term":[{"taxonomy":"category","embeddable":true,"href":"https:\/\/www.mariazell-wienerwald.at\/en\/wp-json\/wp\/v2\/categories?post=3451"},{"taxonomy":"post_tag","embeddable":true,"href":"https:\/\/www.mariazell-wienerwald.at\/en\/wp-json\/wp\/v2\/tags?post=3451"}],"curies":[{"name":"wp","href":"https:\/\/api.w.org\/{rel}","templated":true}]}}