{"id":3795,"date":"2020-11-23T19:11:42","date_gmt":"2020-11-23T18:11:42","guid":{"rendered":"https:\/\/www.mariazell-wienerwald.at\/?p=3795"},"modified":"2021-03-03T13:11:30","modified_gmt":"2021-03-03T12:11:30","slug":"freitag-27-11-2020-11-00-12-00-thomas-aigner-auf-radio-noe","status":"publish","type":"post","link":"https:\/\/www.mariazell-wienerwald.at\/en\/freitag-27-11-2020-11-00-12-00-thomas-aigner-auf-radio-noe\/","title":{"rendered":"Freitag, 27.11.2020, 11.00-12.00 &#8211; Thomas Aigner in der Promi-Time auf Radio N\u00d6"},"content":{"rendered":"<p>&nbsp;<\/p>\n<p>Kommenden Freitag ist unser Pr\u00e4sident Dr. Thomas Aigner auf <a href=\"https:\/\/noe.orf.at\/player\/\" target=\"_blank\" rel=\"noopener noreferrer\">Radio N\u00d6<\/a> in der Promi-Time zu Gast.<\/p>\n<p>&nbsp;<\/p>\n<p>Dort wird er u.a. \u00fcber das neue Buch &#8222;Hoffen auf die Ewigkeit&#8220; und die diversen Projekte in unserer Region &#8222;Mariazell im Wienerwald&#8220; sprechen.<\/p>\n<p>&nbsp;<\/p>\n<p>Lassen Sie sich das nicht entgehen!<\/p>","protected":false},"excerpt":{"rendered":"<p>&nbsp; Kommenden Freitag ist unser Pr\u00e4sident Dr. Thomas Aigner auf Radio N\u00d6 in der Promi-Time zu Gast. &nbsp; Dort wird er u.a. \u00fcber das neue Buch &#8222;Hoffen auf die Ewigkeit&#8220; und die diversen Projekte in unserer Region &#8222;Mariazell im Wienerwald&#8220; sprechen. &nbsp; Lassen Sie sich das nicht entgehen!<\/p>","protected":false},"author":3,"featured_media":0,"comment_status":"open","ping_status":"open","sticky":false,"template":"","format":"standard","meta":{"_acf_changed":false,"footnotes":""},"categories":[1],"tags":[],"class_list":["post-3795","post","type-post","status-publish","format-standard","hentry","category-allgemein"],"acf":[],"yoast_head":"<!-- This site is optimized with the Yoast SEO plugin v23.1 - https:\/\/yoast.com\/wordpress\/plugins\/seo\/ -->\n<title>Freitag, 27.11.2020, 11.00-12.00 - Thomas Aigner in der Promi-Time auf Radio N\u00d6 - Mariazell im Wienerwald<\/title>\n<meta name=\"robots\" content=\"index, follow, max-snippet:-1, max-image-preview:large, max-video-preview:-1\" \/>\n<link rel=\"canonical\" href=\"https:\/\/www.mariazell-wienerwald.at\/en\/freitag-27-11-2020-11-00-12-00-thomas-aigner-auf-radio-noe\/\" \/>\n<meta property=\"og:locale\" content=\"en_US\" \/>\n<meta property=\"og:type\" content=\"article\" \/>\n<meta property=\"og:title\" content=\"Freitag, 27.11.2020, 11.00-12.00 - Thomas Aigner in der Promi-Time auf Radio N\u00d6 - Mariazell im Wienerwald\" \/>\n<meta property=\"og:description\" content=\"&nbsp; Kommenden Freitag ist unser Pr\u00e4sident Dr. Thomas Aigner auf Radio N\u00d6 in der Promi-Time zu Gast. &nbsp; Dort wird er u.a. \u00fcber das neue Buch &#8222;Hoffen auf die Ewigkeit&#8220; und die diversen Projekte in unserer Region &#8222;Mariazell im Wienerwald&#8220; sprechen. &nbsp; Lassen Sie sich das nicht entgehen!\" \/>\n<meta property=\"og:url\" content=\"https:\/\/www.mariazell-wienerwald.at\/en\/freitag-27-11-2020-11-00-12-00-thomas-aigner-auf-radio-noe\/\" \/>\n<meta property=\"og:site_name\" content=\"Mariazell im Wienerwald\" \/>\n<meta property=\"article:published_time\" content=\"2020-11-23T18:11:42+00:00\" \/>\n<meta property=\"article:modified_time\" content=\"2021-03-03T12:11:30+00:00\" \/>\n<meta name=\"author\" content=\"Thomas Aigner\" \/>\n<meta name=\"twitter:card\" content=\"summary_large_image\" \/>\n<meta name=\"twitter:label1\" content=\"Written by\" \/>\n\t<meta name=\"twitter:data1\" content=\"Thomas Aigner\" \/>\n\t<meta name=\"twitter:label2\" content=\"Est. reading time\" \/>\n\t<meta name=\"twitter:data2\" content=\"1 minute\" \/>\n<script type=\"application\/ld+json\" class=\"yoast-schema-graph\">{\"@context\":\"https:\/\/schema.org\",\"@graph\":[{\"@type\":\"WebPage\",\"@id\":\"https:\/\/www.mariazell-wienerwald.at\/freitag-27-11-2020-11-00-12-00-thomas-aigner-auf-radio-noe\/\",\"url\":\"https:\/\/www.mariazell-wienerwald.at\/freitag-27-11-2020-11-00-12-00-thomas-aigner-auf-radio-noe\/\",\"name\":\"Freitag, 27.11.2020, 11.00-12.00 - Thomas Aigner in der Promi-Time auf Radio N\u00d6 - Mariazell im Wienerwald\",\"isPartOf\":{\"@id\":\"https:\/\/www.mariazell-wienerwald.at\/#website\"},\"datePublished\":\"2020-11-23T18:11:42+00:00\",\"dateModified\":\"2021-03-03T12:11:30+00:00\",\"author\":{\"@id\":\"https:\/\/www.mariazell-wienerwald.at\/#\/schema\/person\/8aa8609a154a15cf2e659bc8d1b8cc68\"},\"breadcrumb\":{\"@id\":\"https:\/\/www.mariazell-wienerwald.at\/freitag-27-11-2020-11-00-12-00-thomas-aigner-auf-radio-noe\/#breadcrumb\"},\"inLanguage\":\"en-US\",\"potentialAction\":[{\"@type\":\"ReadAction\",\"target\":[\"https:\/\/www.mariazell-wienerwald.at\/freitag-27-11-2020-11-00-12-00-thomas-aigner-auf-radio-noe\/\"]}]},{\"@type\":\"BreadcrumbList\",\"@id\":\"https:\/\/www.mariazell-wienerwald.at\/freitag-27-11-2020-11-00-12-00-thomas-aigner-auf-radio-noe\/#breadcrumb\",\"itemListElement\":[{\"@type\":\"ListItem\",\"position\":1,\"name\":\"Startseite\",\"item\":\"https:\/\/www.mariazell-wienerwald.at\/\"},{\"@type\":\"ListItem\",\"position\":2,\"name\":\"Freitag, 27.11.2020, 11.00-12.00 &#8211; Thomas Aigner in der Promi-Time auf Radio N\u00d6\"}]},{\"@type\":\"WebSite\",\"@id\":\"https:\/\/www.mariazell-wienerwald.at\/#website\",\"url\":\"https:\/\/www.mariazell-wienerwald.at\/\",\"name\":\"Mariazell im Wienerwald\",\"description\":\"\",\"potentialAction\":[{\"@type\":\"SearchAction\",\"target\":{\"@type\":\"EntryPoint\",\"urlTemplate\":\"https:\/\/www.mariazell-wienerwald.at\/?s={search_term_string}\"},\"query-input\":\"required name=search_term_string\"}],\"inLanguage\":\"en-US\"},{\"@type\":\"Person\",\"@id\":\"https:\/\/www.mariazell-wienerwald.at\/#\/schema\/person\/8aa8609a154a15cf2e659bc8d1b8cc68\",\"name\":\"Thomas Aigner\",\"image\":{\"@type\":\"ImageObject\",\"inLanguage\":\"en-US\",\"@id\":\"https:\/\/www.mariazell-wienerwald.at\/#\/schema\/person\/image\/\",\"url\":\"https:\/\/secure.gravatar.com\/avatar\/3036fba9b4bba76d18c9c1c1a271e447?s=96&d=mm&r=g\",\"contentUrl\":\"https:\/\/secure.gravatar.com\/avatar\/3036fba9b4bba76d18c9c1c1a271e447?s=96&d=mm&r=g\",\"caption\":\"Thomas Aigner\"},\"url\":\"https:\/\/www.mariazell-wienerwald.at\/en\/author\/thomas-aigner\/\"}]}<\/script>\n<!-- \/ Yoast SEO plugin. -->","yoast_head_json":{"title":"Freitag, 27.11.2020, 11.00-12.00 - Thomas Aigner in der Promi-Time auf Radio N\u00d6 - Mariazell im Wienerwald","robots":{"index":"index","follow":"follow","max-snippet":"max-snippet:-1","max-image-preview":"max-image-preview:large","max-video-preview":"max-video-preview:-1"},"canonical":"https:\/\/www.mariazell-wienerwald.at\/en\/freitag-27-11-2020-11-00-12-00-thomas-aigner-auf-radio-noe\/","og_locale":"en_US","og_type":"article","og_title":"Freitag, 27.11.2020, 11.00-12.00 - Thomas Aigner in der Promi-Time auf Radio N\u00d6 - Mariazell im Wienerwald","og_description":"&nbsp; Kommenden Freitag ist unser Pr\u00e4sident Dr. Thomas Aigner auf Radio N\u00d6 in der Promi-Time zu Gast. &nbsp; Dort wird er u.a. \u00fcber das neue Buch &#8222;Hoffen auf die Ewigkeit&#8220; und die diversen Projekte in unserer Region &#8222;Mariazell im Wienerwald&#8220; sprechen. &nbsp; Lassen Sie sich das nicht entgehen!","og_url":"https:\/\/www.mariazell-wienerwald.at\/en\/freitag-27-11-2020-11-00-12-00-thomas-aigner-auf-radio-noe\/","og_site_name":"Mariazell im Wienerwald","article_published_time":"2020-11-23T18:11:42+00:00","article_modified_time":"2021-03-03T12:11:30+00:00","author":"Thomas Aigner","twitter_card":"summary_large_image","twitter_misc":{"Written by":"Thomas Aigner","Est. reading time":"1 minute"},"schema":{"@context":"https:\/\/schema.org","@graph":[{"@type":"WebPage","@id":"https:\/\/www.mariazell-wienerwald.at\/freitag-27-11-2020-11-00-12-00-thomas-aigner-auf-radio-noe\/","url":"https:\/\/www.mariazell-wienerwald.at\/freitag-27-11-2020-11-00-12-00-thomas-aigner-auf-radio-noe\/","name":"Freitag, 27.11.2020, 11.00-12.00 - Thomas Aigner in der Promi-Time auf Radio N\u00d6 - Mariazell im Wienerwald","isPartOf":{"@id":"https:\/\/www.mariazell-wienerwald.at\/#website"},"datePublished":"2020-11-23T18:11:42+00:00","dateModified":"2021-03-03T12:11:30+00:00","author":{"@id":"https:\/\/www.mariazell-wienerwald.at\/#\/schema\/person\/8aa8609a154a15cf2e659bc8d1b8cc68"},"breadcrumb":{"@id":"https:\/\/www.mariazell-wienerwald.at\/freitag-27-11-2020-11-00-12-00-thomas-aigner-auf-radio-noe\/#breadcrumb"},"inLanguage":"en-US","potentialAction":[{"@type":"ReadAction","target":["https:\/\/www.mariazell-wienerwald.at\/freitag-27-11-2020-11-00-12-00-thomas-aigner-auf-radio-noe\/"]}]},{"@type":"BreadcrumbList","@id":"https:\/\/www.mariazell-wienerwald.at\/freitag-27-11-2020-11-00-12-00-thomas-aigner-auf-radio-noe\/#breadcrumb","itemListElement":[{"@type":"ListItem","position":1,"name":"Startseite","item":"https:\/\/www.mariazell-wienerwald.at\/"},{"@type":"ListItem","position":2,"name":"Freitag, 27.11.2020, 11.00-12.00 &#8211; Thomas Aigner in der Promi-Time auf Radio N\u00d6"}]},{"@type":"WebSite","@id":"https:\/\/www.mariazell-wienerwald.at\/#website","url":"https:\/\/www.mariazell-wienerwald.at\/","name":"Mariazell im Wienerwald","description":"","potentialAction":[{"@type":"SearchAction","target":{"@type":"EntryPoint","urlTemplate":"https:\/\/www.mariazell-wienerwald.at\/?s={search_term_string}"},"query-input":"required name=search_term_string"}],"inLanguage":"en-US"},{"@type":"Person","@id":"https:\/\/www.mariazell-wienerwald.at\/#\/schema\/person\/8aa8609a154a15cf2e659bc8d1b8cc68","name":"Thomas Aigner","image":{"@type":"ImageObject","inLanguage":"en-US","@id":"https:\/\/www.mariazell-wienerwald.at\/#\/schema\/person\/image\/","url":"https:\/\/secure.gravatar.com\/avatar\/3036fba9b4bba76d18c9c1c1a271e447?s=96&d=mm&r=g","contentUrl":"https:\/\/secure.gravatar.com\/avatar\/3036fba9b4bba76d18c9c1c1a271e447?s=96&d=mm&r=g","caption":"Thomas Aigner"},"url":"https:\/\/www.mariazell-wienerwald.at\/en\/author\/thomas-aigner\/"}]}},"_links":{"self":[{"href":"https:\/\/www.mariazell-wienerwald.at\/en\/wp-json\/wp\/v2\/posts\/3795"}],"collection":[{"href":"https:\/\/www.mariazell-wienerwald.at\/en\/wp-json\/wp\/v2\/posts"}],"about":[{"href":"https:\/\/www.mariazell-wienerwald.at\/en\/wp-json\/wp\/v2\/types\/post"}],"author":[{"embeddable":true,"href":"https:\/\/www.mariazell-wienerwald.at\/en\/wp-json\/wp\/v2\/users\/3"}],"replies":[{"embeddable":true,"href":"https:\/\/www.mariazell-wienerwald.at\/en\/wp-json\/wp\/v2\/comments?post=3795"}],"version-history":[{"count":9,"href":"https:\/\/www.mariazell-wienerwald.at\/en\/wp-json\/wp\/v2\/posts\/3795\/revisions"}],"predecessor-version":[{"id":4052,"href":"https:\/\/www.mariazell-wienerwald.at\/en\/wp-json\/wp\/v2\/posts\/3795\/revisions\/4052"}],"wp:attachment":[{"href":"https:\/\/www.mariazell-wienerwald.at\/en\/wp-json\/wp\/v2\/media?parent=3795"}],"wp:term":[{"taxonomy":"category","embeddable":true,"href":"https:\/\/www.mariazell-wienerwald.at\/en\/wp-json\/wp\/v2\/categories?post=3795"},{"taxonomy":"post_tag","embeddable":true,"href":"https:\/\/www.mariazell-wienerwald.at\/en\/wp-json\/wp\/v2\/tags?post=3795"}],"curies":[{"name":"wp","href":"https:\/\/api.w.org\/{rel}","templated":true}]}}