{"id":3808,"date":"2020-11-24T17:04:32","date_gmt":"2020-11-24T16:04:32","guid":{"rendered":"https:\/\/www.mariazell-wienerwald.at\/?p=3808"},"modified":"2020-11-24T17:04:32","modified_gmt":"2020-11-24T16:04:32","slug":"betrifft-geschichte-radio-oe1-30-11-4-12-2020-wienerwaldkloester","status":"publish","type":"post","link":"https:\/\/www.mariazell-wienerwald.at\/en\/betrifft-geschichte-radio-oe1-30-11-4-12-2020-wienerwaldkloester\/","title":{"rendered":"Betrifft Geschichte (Radio \u00d61), 30.11.-4.12.2020: Wienerwaldkl\u00f6ster"},"content":{"rendered":"<p><strong>Zwischen 30. November und 4. Dezember, jeweils 17.55-18.00<\/strong>, spricht <strong>Mag. Gerhard Wasshuber auf \u00d61 in der Reihe &#8222;Betrifft Geschichte&#8220; <\/strong>\u00fcber Geschichte, Kunst und Kultur des Wienerwalds. Unser Region wird hier nat\u00fcrlich prominent vertreten sein.<\/p>\n<p><a href=\"https:\/\/mariazell-wienerwald.us8.list-manage.com\/track\/click?u=60417d8ba42705dcdc7ca5a4e&amp;id=dd1d7d932d&amp;e=43e91e1f03\">Mehr Infos<\/a><\/p>","protected":false},"excerpt":{"rendered":"<p>Zwischen 30. November und 4. Dezember, jeweils 17.55-18.00, spricht Mag. Gerhard Wasshuber auf \u00d61 in der Reihe &#8222;Betrifft Geschichte&#8220; \u00fcber Geschichte, Kunst und Kultur des Wienerwalds. Unser Region wird hier nat\u00fcrlich prominent vertreten sein. Mehr Infos<\/p>","protected":false},"author":3,"featured_media":0,"comment_status":"open","ping_status":"open","sticky":false,"template":"","format":"standard","meta":{"_acf_changed":false,"footnotes":""},"categories":[1],"tags":[],"class_list":["post-3808","post","type-post","status-publish","format-standard","hentry","category-allgemein"],"acf":[],"yoast_head":"<!-- This site is optimized with the Yoast SEO plugin v23.1 - https:\/\/yoast.com\/wordpress\/plugins\/seo\/ -->\n<title>Betrifft Geschichte (Radio \u00d61), 30.11.-4.12.2020: Wienerwaldkl\u00f6ster - Mariazell im Wienerwald<\/title>\n<meta name=\"robots\" content=\"index, follow, max-snippet:-1, max-image-preview:large, max-video-preview:-1\" \/>\n<link rel=\"canonical\" href=\"https:\/\/www.mariazell-wienerwald.at\/en\/betrifft-geschichte-radio-oe1-30-11-4-12-2020-wienerwaldkloester\/\" \/>\n<meta property=\"og:locale\" content=\"en_US\" \/>\n<meta property=\"og:type\" content=\"article\" \/>\n<meta property=\"og:title\" content=\"Betrifft Geschichte (Radio \u00d61), 30.11.-4.12.2020: Wienerwaldkl\u00f6ster - Mariazell im Wienerwald\" \/>\n<meta property=\"og:description\" content=\"Zwischen 30. November und 4. Dezember, jeweils 17.55-18.00, spricht Mag. Gerhard Wasshuber auf \u00d61 in der Reihe &#8222;Betrifft Geschichte&#8220; \u00fcber Geschichte, Kunst und Kultur des Wienerwalds. Unser Region wird hier nat\u00fcrlich prominent vertreten sein. Mehr Infos\" \/>\n<meta property=\"og:url\" content=\"https:\/\/www.mariazell-wienerwald.at\/en\/betrifft-geschichte-radio-oe1-30-11-4-12-2020-wienerwaldkloester\/\" \/>\n<meta property=\"og:site_name\" content=\"Mariazell im Wienerwald\" \/>\n<meta property=\"article:published_time\" content=\"2020-11-24T16:04:32+00:00\" \/>\n<meta name=\"author\" content=\"Thomas Aigner\" \/>\n<meta name=\"twitter:card\" content=\"summary_large_image\" \/>\n<meta name=\"twitter:label1\" content=\"Written by\" \/>\n\t<meta name=\"twitter:data1\" content=\"Thomas Aigner\" \/>\n<script type=\"application\/ld+json\" class=\"yoast-schema-graph\">{\"@context\":\"https:\/\/schema.org\",\"@graph\":[{\"@type\":\"WebPage\",\"@id\":\"https:\/\/www.mariazell-wienerwald.at\/betrifft-geschichte-radio-oe1-30-11-4-12-2020-wienerwaldkloester\/\",\"url\":\"https:\/\/www.mariazell-wienerwald.at\/betrifft-geschichte-radio-oe1-30-11-4-12-2020-wienerwaldkloester\/\",\"name\":\"Betrifft Geschichte (Radio \u00d61), 30.11.-4.12.2020: Wienerwaldkl\u00f6ster - Mariazell im Wienerwald\",\"isPartOf\":{\"@id\":\"https:\/\/www.mariazell-wienerwald.at\/#website\"},\"datePublished\":\"2020-11-24T16:04:32+00:00\",\"dateModified\":\"2020-11-24T16:04:32+00:00\",\"author\":{\"@id\":\"https:\/\/www.mariazell-wienerwald.at\/#\/schema\/person\/8aa8609a154a15cf2e659bc8d1b8cc68\"},\"breadcrumb\":{\"@id\":\"https:\/\/www.mariazell-wienerwald.at\/betrifft-geschichte-radio-oe1-30-11-4-12-2020-wienerwaldkloester\/#breadcrumb\"},\"inLanguage\":\"en-US\",\"potentialAction\":[{\"@type\":\"ReadAction\",\"target\":[\"https:\/\/www.mariazell-wienerwald.at\/betrifft-geschichte-radio-oe1-30-11-4-12-2020-wienerwaldkloester\/\"]}]},{\"@type\":\"BreadcrumbList\",\"@id\":\"https:\/\/www.mariazell-wienerwald.at\/betrifft-geschichte-radio-oe1-30-11-4-12-2020-wienerwaldkloester\/#breadcrumb\",\"itemListElement\":[{\"@type\":\"ListItem\",\"position\":1,\"name\":\"Startseite\",\"item\":\"https:\/\/www.mariazell-wienerwald.at\/\"},{\"@type\":\"ListItem\",\"position\":2,\"name\":\"Betrifft Geschichte (Radio \u00d61), 30.11.-4.12.2020: Wienerwaldkl\u00f6ster\"}]},{\"@type\":\"WebSite\",\"@id\":\"https:\/\/www.mariazell-wienerwald.at\/#website\",\"url\":\"https:\/\/www.mariazell-wienerwald.at\/\",\"name\":\"Mariazell im Wienerwald\",\"description\":\"\",\"potentialAction\":[{\"@type\":\"SearchAction\",\"target\":{\"@type\":\"EntryPoint\",\"urlTemplate\":\"https:\/\/www.mariazell-wienerwald.at\/?s={search_term_string}\"},\"query-input\":\"required name=search_term_string\"}],\"inLanguage\":\"en-US\"},{\"@type\":\"Person\",\"@id\":\"https:\/\/www.mariazell-wienerwald.at\/#\/schema\/person\/8aa8609a154a15cf2e659bc8d1b8cc68\",\"name\":\"Thomas Aigner\",\"image\":{\"@type\":\"ImageObject\",\"inLanguage\":\"en-US\",\"@id\":\"https:\/\/www.mariazell-wienerwald.at\/#\/schema\/person\/image\/\",\"url\":\"https:\/\/secure.gravatar.com\/avatar\/3036fba9b4bba76d18c9c1c1a271e447?s=96&d=mm&r=g\",\"contentUrl\":\"https:\/\/secure.gravatar.com\/avatar\/3036fba9b4bba76d18c9c1c1a271e447?s=96&d=mm&r=g\",\"caption\":\"Thomas Aigner\"},\"url\":\"https:\/\/www.mariazell-wienerwald.at\/en\/author\/thomas-aigner\/\"}]}<\/script>\n<!-- \/ Yoast SEO plugin. -->","yoast_head_json":{"title":"Betrifft Geschichte (Radio \u00d61), 30.11.-4.12.2020: Wienerwaldkl\u00f6ster - Mariazell im Wienerwald","robots":{"index":"index","follow":"follow","max-snippet":"max-snippet:-1","max-image-preview":"max-image-preview:large","max-video-preview":"max-video-preview:-1"},"canonical":"https:\/\/www.mariazell-wienerwald.at\/en\/betrifft-geschichte-radio-oe1-30-11-4-12-2020-wienerwaldkloester\/","og_locale":"en_US","og_type":"article","og_title":"Betrifft Geschichte (Radio \u00d61), 30.11.-4.12.2020: Wienerwaldkl\u00f6ster - Mariazell im Wienerwald","og_description":"Zwischen 30. November und 4. Dezember, jeweils 17.55-18.00, spricht Mag. Gerhard Wasshuber auf \u00d61 in der Reihe &#8222;Betrifft Geschichte&#8220; \u00fcber Geschichte, Kunst und Kultur des Wienerwalds. Unser Region wird hier nat\u00fcrlich prominent vertreten sein. Mehr Infos","og_url":"https:\/\/www.mariazell-wienerwald.at\/en\/betrifft-geschichte-radio-oe1-30-11-4-12-2020-wienerwaldkloester\/","og_site_name":"Mariazell im Wienerwald","article_published_time":"2020-11-24T16:04:32+00:00","author":"Thomas Aigner","twitter_card":"summary_large_image","twitter_misc":{"Written by":"Thomas Aigner"},"schema":{"@context":"https:\/\/schema.org","@graph":[{"@type":"WebPage","@id":"https:\/\/www.mariazell-wienerwald.at\/betrifft-geschichte-radio-oe1-30-11-4-12-2020-wienerwaldkloester\/","url":"https:\/\/www.mariazell-wienerwald.at\/betrifft-geschichte-radio-oe1-30-11-4-12-2020-wienerwaldkloester\/","name":"Betrifft Geschichte (Radio \u00d61), 30.11.-4.12.2020: Wienerwaldkl\u00f6ster - Mariazell im Wienerwald","isPartOf":{"@id":"https:\/\/www.mariazell-wienerwald.at\/#website"},"datePublished":"2020-11-24T16:04:32+00:00","dateModified":"2020-11-24T16:04:32+00:00","author":{"@id":"https:\/\/www.mariazell-wienerwald.at\/#\/schema\/person\/8aa8609a154a15cf2e659bc8d1b8cc68"},"breadcrumb":{"@id":"https:\/\/www.mariazell-wienerwald.at\/betrifft-geschichte-radio-oe1-30-11-4-12-2020-wienerwaldkloester\/#breadcrumb"},"inLanguage":"en-US","potentialAction":[{"@type":"ReadAction","target":["https:\/\/www.mariazell-wienerwald.at\/betrifft-geschichte-radio-oe1-30-11-4-12-2020-wienerwaldkloester\/"]}]},{"@type":"BreadcrumbList","@id":"https:\/\/www.mariazell-wienerwald.at\/betrifft-geschichte-radio-oe1-30-11-4-12-2020-wienerwaldkloester\/#breadcrumb","itemListElement":[{"@type":"ListItem","position":1,"name":"Startseite","item":"https:\/\/www.mariazell-wienerwald.at\/"},{"@type":"ListItem","position":2,"name":"Betrifft Geschichte (Radio \u00d61), 30.11.-4.12.2020: Wienerwaldkl\u00f6ster"}]},{"@type":"WebSite","@id":"https:\/\/www.mariazell-wienerwald.at\/#website","url":"https:\/\/www.mariazell-wienerwald.at\/","name":"Mariazell im Wienerwald","description":"","potentialAction":[{"@type":"SearchAction","target":{"@type":"EntryPoint","urlTemplate":"https:\/\/www.mariazell-wienerwald.at\/?s={search_term_string}"},"query-input":"required name=search_term_string"}],"inLanguage":"en-US"},{"@type":"Person","@id":"https:\/\/www.mariazell-wienerwald.at\/#\/schema\/person\/8aa8609a154a15cf2e659bc8d1b8cc68","name":"Thomas Aigner","image":{"@type":"ImageObject","inLanguage":"en-US","@id":"https:\/\/www.mariazell-wienerwald.at\/#\/schema\/person\/image\/","url":"https:\/\/secure.gravatar.com\/avatar\/3036fba9b4bba76d18c9c1c1a271e447?s=96&d=mm&r=g","contentUrl":"https:\/\/secure.gravatar.com\/avatar\/3036fba9b4bba76d18c9c1c1a271e447?s=96&d=mm&r=g","caption":"Thomas Aigner"},"url":"https:\/\/www.mariazell-wienerwald.at\/en\/author\/thomas-aigner\/"}]}},"_links":{"self":[{"href":"https:\/\/www.mariazell-wienerwald.at\/en\/wp-json\/wp\/v2\/posts\/3808"}],"collection":[{"href":"https:\/\/www.mariazell-wienerwald.at\/en\/wp-json\/wp\/v2\/posts"}],"about":[{"href":"https:\/\/www.mariazell-wienerwald.at\/en\/wp-json\/wp\/v2\/types\/post"}],"author":[{"embeddable":true,"href":"https:\/\/www.mariazell-wienerwald.at\/en\/wp-json\/wp\/v2\/users\/3"}],"replies":[{"embeddable":true,"href":"https:\/\/www.mariazell-wienerwald.at\/en\/wp-json\/wp\/v2\/comments?post=3808"}],"version-history":[{"count":1,"href":"https:\/\/www.mariazell-wienerwald.at\/en\/wp-json\/wp\/v2\/posts\/3808\/revisions"}],"predecessor-version":[{"id":3809,"href":"https:\/\/www.mariazell-wienerwald.at\/en\/wp-json\/wp\/v2\/posts\/3808\/revisions\/3809"}],"wp:attachment":[{"href":"https:\/\/www.mariazell-wienerwald.at\/en\/wp-json\/wp\/v2\/media?parent=3808"}],"wp:term":[{"taxonomy":"category","embeddable":true,"href":"https:\/\/www.mariazell-wienerwald.at\/en\/wp-json\/wp\/v2\/categories?post=3808"},{"taxonomy":"post_tag","embeddable":true,"href":"https:\/\/www.mariazell-wienerwald.at\/en\/wp-json\/wp\/v2\/tags?post=3808"}],"curies":[{"name":"wp","href":"https:\/\/api.w.org\/{rel}","templated":true}]}}