{"id":3828,"date":"2020-11-29T17:16:46","date_gmt":"2020-11-29T16:16:46","guid":{"rendered":"https:\/\/www.mariazell-wienerwald.at\/?p=3828"},"modified":"2020-12-08T18:23:00","modified_gmt":"2020-12-08T17:23:00","slug":"neue-online-gespraechsreihe-ab-4-dezember-hoffen-auf-die-ewigkeit","status":"publish","type":"post","link":"https:\/\/www.mariazell-wienerwald.at\/en\/neue-online-gespraechsreihe-ab-4-dezember-hoffen-auf-die-ewigkeit\/","title":{"rendered":"New online conversation series from December 4th: Hope for eternity!"},"content":{"rendered":"<h2>ExpertInnen im Gespr\u00e4ch<\/h2>\n<h2><\/h2>\n<p>&nbsp;<\/p>\n<h2><a href=\"https:\/\/www.mariazell-wienerwald.at\/en\/klosterladen\/produkte-neu\/bucher\/hoffen-auf-die-ewigkeit\/\"><img decoding=\"async\" class=\"wp-image-3263 alignleft\" src=\"https:\/\/www.mariazell-wienerwald.at\/wp-content\/uploads\/2020\/07\/HoffenaufdieEwigkeit_Titel-296x300.jpg\" alt=\"\" width=\"193\" height=\"195\" srcset=\"https:\/\/www.mariazell-wienerwald.at\/wp-content\/uploads\/2020\/07\/HoffenaufdieEwigkeit_Titel-296x300.jpg 296w, https:\/\/www.mariazell-wienerwald.at\/wp-content\/uploads\/2020\/07\/HoffenaufdieEwigkeit_Titel-1010x1024.jpg 1010w, https:\/\/www.mariazell-wienerwald.at\/wp-content\/uploads\/2020\/07\/HoffenaufdieEwigkeit_Titel-768x779.jpg 768w, https:\/\/www.mariazell-wienerwald.at\/wp-content\/uploads\/2020\/07\/HoffenaufdieEwigkeit_Titel-600x609.jpg 600w, https:\/\/www.mariazell-wienerwald.at\/wp-content\/uploads\/2020\/07\/HoffenaufdieEwigkeit_Titel-100x100.jpg 100w, https:\/\/www.mariazell-wienerwald.at\/wp-content\/uploads\/2020\/07\/HoffenaufdieEwigkeit_Titel.jpg 1189w\" sizes=\"(max-width: 193px) 100vw, 193px\" \/><\/a><\/h2>\n<p>Das im Oktober dieses Jahres erschienene Buch <strong><a href=\"https:\/\/www.mariazell-wienerwald.at\/en\/klosterladen\/produkte-neu\/bucher\/hoffen-auf-die-ewigkeit\/\" target=\"_blank\" rel=\"noopener noreferrer\">&#8222;Hoffen auf die Ewigkeit&#8220;<\/a><\/strong> vereint 28 Beitr\u00e4ge namhafter Forscherinnen und Forscher zu einer der faszinierendsten Epochen in der Geschichte unseres Landes.<\/p>\n<p><em><strong>In den Aufs\u00e4tzen wurden l\u00e4ngst nicht alle offenen Fragen beantwortet, vieles wird auch weiterhin offen bleiben und f\u00fcr Diskussionen sorgen.<\/strong><\/em><\/p>\n<p>Der Herausgeber des Buches, <a href=\"https:\/\/de.wikipedia.org\/wiki\/Thomas_Aigner_(Historiker)\" target=\"_blank\" rel=\"noopener noreferrer\">Dr. Thomas Aigner,<\/a> blickt mit einzelnen AutorInnen und Gast-ExpertInnen hinter die Kulissen ihrer Arbeit &#8211; <strong>kontroversielle Themen werden angesprochen, offene Fragen diskutiert, spannende neue Einblicke gew\u00e4hrt.<\/strong><\/p>\n<p>In Form von kurzweiligen, unterhaltsamen Talk-Shows von 20 bis 30 Minuten sollen so spannende Diskussionen zwischen ExpertInnen und Herausgeber, im Anschluss aber auch mit interessierten TeilnehmerInnen entstehen k\u00f6nnen &#8211; <strong>Geschichtsforschung ganz hautnah also!<\/strong><\/p>\n<p>Die Gespr\u00e4chsreihe findet von <strong>4. bis 18. Dezember 2020 jeweils freitags von 18.00 bis 19.00 Uhr<\/strong> mit vorerst 3 Talk-Shows online via ZOOM statt. Eine Fortsetzung ist f\u00fcr J\u00e4nner\/Februar n\u00e4chsten Jahres geplant.<\/p>\n<p><a href=\"https:\/\/www.mariazell-wienerwald.at\/en\/klosterladen\/produkte-neu\/bucher\/hoffen-auf-die-ewigkeit\/\" target=\"_blank\" rel=\"noopener noreferrer\"><strong>N\u00e4heres zum Buch und Bestellung<\/strong><\/a><br \/>\n(gratis im Fall eines Beitritts zum Verein &#8222;Mariazell im Wienerwald&#8220; &#8211; <a href=\"https:\/\/www.mariazell-wienerwald.at\/en\/unterstuetzen-sie-uns\/mitglied\/\" target=\"_blank\" rel=\"noopener noreferrer\">n\u00e4here Infos<\/a>)<\/p>\n<p style=\"text-align: right;\">In Kooperation mit: \u00a0\u00a0 <a href=\"https:\/\/www.icar-us.eu\/icarus4all\/\"><img decoding=\"async\" class=\"alignnone wp-image-3871\" src=\"https:\/\/www.mariazell-wienerwald.at\/wp-content\/uploads\/2020\/11\/ICARUS4all_Logo_CMYK-300x201.jpg\" alt=\"\" width=\"139\" height=\"93\" srcset=\"https:\/\/www.mariazell-wienerwald.at\/wp-content\/uploads\/2020\/11\/ICARUS4all_Logo_CMYK-300x201.jpg 300w, https:\/\/www.mariazell-wienerwald.at\/wp-content\/uploads\/2020\/11\/ICARUS4all_Logo_CMYK-1024x685.jpg 1024w, https:\/\/www.mariazell-wienerwald.at\/wp-content\/uploads\/2020\/11\/ICARUS4all_Logo_CMYK-768x514.jpg 768w, https:\/\/www.mariazell-wienerwald.at\/wp-content\/uploads\/2020\/11\/ICARUS4all_Logo_CMYK-1536x1028.jpg 1536w, https:\/\/www.mariazell-wienerwald.at\/wp-content\/uploads\/2020\/11\/ICARUS4all_Logo_CMYK-2048x1370.jpg 2048w, https:\/\/www.mariazell-wienerwald.at\/wp-content\/uploads\/2020\/11\/ICARUS4all_Logo_CMYK-16x12.jpg 16w, https:\/\/www.mariazell-wienerwald.at\/wp-content\/uploads\/2020\/11\/ICARUS4all_Logo_CMYK-600x401.jpg 600w\" sizes=\"(max-width: 139px) 100vw, 139px\" \/><\/a><\/p>\n<p>&nbsp;<\/p>\n<h3><img fetchpriority=\"high\" decoding=\"async\" class=\"size-medium wp-image-3835 alignright\" src=\"https:\/\/www.mariazell-wienerwald.at\/wp-content\/uploads\/2020\/11\/csm_Lutter_Foto_12_2015_2e06671304-300x275.png\" alt=\"\" width=\"300\" height=\"275\" srcset=\"https:\/\/www.mariazell-wienerwald.at\/wp-content\/uploads\/2020\/11\/csm_Lutter_Foto_12_2015_2e06671304-300x275.png 300w, https:\/\/www.mariazell-wienerwald.at\/wp-content\/uploads\/2020\/11\/csm_Lutter_Foto_12_2015_2e06671304-768x704.png 768w, https:\/\/www.mariazell-wienerwald.at\/wp-content\/uploads\/2020\/11\/csm_Lutter_Foto_12_2015_2e06671304-13x12.png 13w, https:\/\/www.mariazell-wienerwald.at\/wp-content\/uploads\/2020\/11\/csm_Lutter_Foto_12_2015_2e06671304-600x550.png 600w, https:\/\/www.mariazell-wienerwald.at\/wp-content\/uploads\/2020\/11\/csm_Lutter_Foto_12_2015_2e06671304.png 847w\" sizes=\"(max-width: 300px) 100vw, 300px\" \/><\/h3>\n<hr \/>\n<h3>11. Dezember 2020, 18.00.-19.00 Uhr<\/h3>\n<h4>Wir gehen ins Kloster! Religi\u00f6se Aufbr\u00fcche im 12. Jh. &#8211; (Klein-) Mariazell und die gro\u00dfen Reformzentren Admont und G\u00f6ttweig, Univ.-Prof. Dr. Christina Lutter<\/h4>\n<p><em>Das 11.\/12. Jh. ist eine Epoche schwerer politischer Verwerfungen, aber auch Kl\u00e4rungen zwischen Kirche und Reich. Gleichzeitig entstehen zahlreiche neue religi\u00f6se Aufbr\u00fcche, die sich in neuen Orden wie jenem der Zisterzienser oder in Reformbewegungen wie jenen von Hirsau bzw. Admont manifestierten. (Klein-) Mariazell steht ist ganz vor dem Hintergrund dieser bewegten Entwicklungen zu sehen. Was bewegte die Menschen ins Kloster zu gehen? Welche Angebote machte man den Menschen, um ein religi\u00f6ses Leben zu f\u00fchren? Welche Bedeutung spielte das Kloster f\u00fcr die Menschen in der Welt?<\/em><\/p>\n<p><a href=\"https:\/\/geschichtsforschung.univie.ac.at\/ueber-uns\/personen\/wissenschaftliche-angehoerige-ig\/lutter-christina\/\" target=\"_blank\" rel=\"noopener noreferrer\">Christina LUTTER, Univ.-Prof., Dr.,<\/a> ist Professorin f\u00fcr \u00f6sterreichische Geschichte sowie Kultur- und Geschlechtergeschichte an der Universit\u00e4t Wien und eine ausgewiesen Expertin f\u00fcr kl\u00f6sterliche Reformbewegungen des hohen Mittelalters. In ihrer Habilitation besch\u00e4ftigte sie sich eingehend mit dem Nonnenkloster in Admont und der Bedeutung kl\u00f6sterlicher Reformbewegungen zu dieser Zeit. Ihre Forschungsschwerpunkte liegen in den Bereichen der Kultur- und Geschlechtergeschichte des Mittelalters, mit besonderem Fokus auf Formen des Zusammenlebens in Gemeinschaften zwischen monastischen, st\u00e4dtischen und h\u00f6fischen R\u00e4umen.<\/p>\n<p><strong><a href=\"https:\/\/us02web.zoom.us\/wc\/2342479917\/join\" target=\"_blank\" rel=\"noopener noreferrer\">Teilnahmelink<\/a><\/strong>\u00a0(keine Installation von Programmen notwendig, 1. Namen eingeben, Eingaben folgen, 2. Links unten &#8222;Audio&#8220; beitreten, 3. Per Computer an Audio teilnehmen)<\/p>\n<p>oder <strong><a href=\"https:\/\/us02web.zoom.us\/j\/2342479917\/\" target=\"_blank\" rel=\"noopener noreferrer\">Teilnahmelink<\/a><\/strong> (ZOOM installieren)<\/p>\n<p>&nbsp;<\/p>\n<p>&nbsp;<\/p>\n<h3><img loading=\"lazy\" decoding=\"async\" class=\"wp-image-3836 alignleft\" src=\"https:\/\/www.mariazell-wienerwald.at\/wp-content\/uploads\/2020\/11\/csm_2018_Schedl_Barbara_524d81b621-300x267.jpg\" alt=\"\" width=\"331\" height=\"295\" srcset=\"https:\/\/www.mariazell-wienerwald.at\/wp-content\/uploads\/2020\/11\/csm_2018_Schedl_Barbara_524d81b621-300x267.jpg 300w, https:\/\/www.mariazell-wienerwald.at\/wp-content\/uploads\/2020\/11\/csm_2018_Schedl_Barbara_524d81b621-768x683.jpg 768w, https:\/\/www.mariazell-wienerwald.at\/wp-content\/uploads\/2020\/11\/csm_2018_Schedl_Barbara_524d81b621-13x12.jpg 13w, https:\/\/www.mariazell-wienerwald.at\/wp-content\/uploads\/2020\/11\/csm_2018_Schedl_Barbara_524d81b621-600x533.jpg 600w, https:\/\/www.mariazell-wienerwald.at\/wp-content\/uploads\/2020\/11\/csm_2018_Schedl_Barbara_524d81b621.jpg 847w\" sizes=\"(max-width: 331px) 100vw, 331px\" \/><\/h3>\n<hr \/>\n<h3>18. Dezember 2020, 18.00-19.00 Uhr<\/h3>\n<h4>Wir bauen ein Kloster! Anlage, Entstehung und Erbauung der ersten Kirche und Klausurbaulichkeiten im 12. Jh., Univ.-Doz. Dr. Barbara Schedl<\/h4>\n<p><em>Nach dem Entschluss der Gr\u00fcndung eines Klosters im s\u00fcdlichen Wienerwald musste ein Ort gefunden werden, der dem zur\u00fcckgezogenen Leben der M\u00f6nche entsprach. Nachdem dieser festgelegt worden war, musste durch Rodung f\u00fcr den Bau einer Kirche und eines Klosters der Bauplatz vorbereitet werden. Welche Konzepte oder Vorbilder hatte man bei der Errichtung der ersten Geb\u00e4ude? Woher kam das Material f\u00fcr den Bau? Woher die Arbeiter?<\/em><\/p>\n<p><a href=\"https:\/\/kunstgeschichte.univie.ac.at\/ueber-uns\/mitarbeiterinnen\/dozenteninnen\/schedl-barbara\/\" target=\"_blank\" rel=\"noopener noreferrer\">Barbara SCHEDL, Mag., Dr., zPMA,<\/a> Privatdozentin am Institut f\u00fcr Kunstgeschichte der Universit\u00e4t Wien, Studium der Kunstgeschichte in der Universit\u00e4t Wien. Zahlreiche nationale und internationale Forschungsprojekte und Publikationen zu kulturwissenschaftlichen Themen mit Schwerpunkt Mittelalter.<\/p>\n<p><strong><a href=\"https:\/\/us02web.zoom.us\/wc\/2342479917\/join\" target=\"_blank\" rel=\"noopener noreferrer\">Teilnahmelink<\/a><\/strong>\u00a0(keine Installation von Programmen notwendig, 1. Namen eingeben, Eingaben folgen, 2. Links unten &#8222;Audio&#8220; beitreten, 3. Per Computer an Audio teilnehmen)<\/p>\n<p>oder <strong><a href=\"https:\/\/us02web.zoom.us\/j\/2342479917\/\" target=\"_blank\" rel=\"noopener noreferrer\">Teilnahmelink<\/a><\/strong> (ZOOM installieren)<\/p>\n<p>&nbsp;<\/p>\n<p>&nbsp;<\/p>\n<hr \/>\n<h3><img loading=\"lazy\" decoding=\"async\" class=\"size-medium wp-image-3834 alignleft\" src=\"https:\/\/www.mariazell-wienerwald.at\/wp-content\/uploads\/2020\/11\/csm_Brunner_Karl_2ab6491dc1-225x300.jpg\" alt=\"\" width=\"225\" height=\"300\" srcset=\"https:\/\/www.mariazell-wienerwald.at\/wp-content\/uploads\/2020\/11\/csm_Brunner_Karl_2ab6491dc1-225x300.jpg 225w, https:\/\/www.mariazell-wienerwald.at\/wp-content\/uploads\/2020\/11\/csm_Brunner_Karl_2ab6491dc1-768x1025.jpg 768w, https:\/\/www.mariazell-wienerwald.at\/wp-content\/uploads\/2020\/11\/csm_Brunner_Karl_2ab6491dc1-9x12.jpg 9w, https:\/\/www.mariazell-wienerwald.at\/wp-content\/uploads\/2020\/11\/csm_Brunner_Karl_2ab6491dc1-600x800.jpg 600w, https:\/\/www.mariazell-wienerwald.at\/wp-content\/uploads\/2020\/11\/csm_Brunner_Karl_2ab6491dc1.jpg 847w\" sizes=\"(max-width: 225px) 100vw, 225px\" \/><a href=\"https:\/\/www.mariazell-wienerwald.at\/en\/online-talk-shows-zum-nachsehen\/\" target=\"_blank\" rel=\"noopener noreferrer\">4. Dezember 2020, 18.00.-19.00 Uhr<\/a><\/h3>\n<h4>Ein Land entsteht! &#8211; Der politische Rahmen der Klostergr\u00fcndung im 11.\/12. Jh., Univ.-Prof. Dr. Karl Brunner<\/h4>\n<p><em>Die Babenbergermark wird zum Land, Verkehrswege entstehen, Machtbereiche definieren sich neu, das Land wird mit Siedlungen druchdrungen. Im s\u00fcdlichen Wienerwald lassen sich adelige Geschlechter nieder, die die Kolonisierung vorantreiben und ein Kloster gr\u00fcnden. Welche Rollen spielten die Babenberger dabei? Was hat Leopold III. damit tats\u00e4chlich zu tun? Diese noch viel mehr Fragen werden Thema dieser Talk-Show sein.<\/em><\/p>\n<p><a href=\"https:\/\/de.wikipedia.org\/wiki\/Karl_Brunner_(Historiker)\" target=\"_blank\" rel=\"noopener noreferrer\">Karl BRUNNER, Univ. Prof. i. R., Dr.,<\/a> war Professor f\u00fcr mittelalterliche Geschichte und Historische Hilfswissenschaften, Direktor des Instituts f\u00fcr Realienkunde des Mittelalters und der fr\u00fchen Neuzeit in Krems und des Instituts f\u00fcr \u00d6sterreichische Geschichtsforschung an der Universit\u00e4t Wien, Leitung mehrerer Landesausstellungen in Ober- und Nieder\u00f6sterreich, neben reichem wissenschaftlichem Werk auch popul\u00e4rwissenschaftliche Publikationen, Forschungsschwerpunkt: Kulturgeschichte.<\/p>\n<p><a href=\"https:\/\/www.mariazell-wienerwald.at\/en\/online-talk-shows-zum-nachsehen\/\" target=\"_blank\" rel=\"noopener noreferrer\"><strong>Video zum Nachsehen<\/strong><\/a><\/p>\n<p>&nbsp;<\/p>","protected":false},"excerpt":{"rendered":"<p>ExpertInnen im Gespr\u00e4ch &nbsp; Das im Oktober dieses Jahres erschienene Buch &#8222;Hoffen auf die Ewigkeit&#8220; vereint 28 Beitr\u00e4ge namhafter Forscherinnen und Forscher zu einer der faszinierendsten Epochen in der Geschichte unseres Landes. In den Aufs\u00e4tzen wurden l\u00e4ngst nicht alle offenen Fragen beantwortet, vieles wird auch weiterhin offen bleiben und f\u00fcr Diskussionen sorgen. Der Herausgeber des [&hellip;]<\/p>","protected":false},"author":3,"featured_media":0,"comment_status":"open","ping_status":"open","sticky":false,"template":"","format":"standard","meta":{"_acf_changed":false,"footnotes":""},"categories":[1],"tags":[],"class_list":["post-3828","post","type-post","status-publish","format-standard","hentry","category-allgemein"],"acf":[],"yoast_head":"<!-- This site is optimized with the Yoast SEO plugin v23.1 - https:\/\/yoast.com\/wordpress\/plugins\/seo\/ -->\n<title>Neue Online-Gespr\u00e4chsreihe ab 4. Dezember: Hoffen auf die Ewigkeit! - Mariazell im Wienerwald<\/title>\n<meta name=\"robots\" content=\"index, follow, max-snippet:-1, max-image-preview:large, max-video-preview:-1\" \/>\n<link rel=\"canonical\" href=\"https:\/\/www.mariazell-wienerwald.at\/en\/neue-online-gespraechsreihe-ab-4-dezember-hoffen-auf-die-ewigkeit\/\" \/>\n<meta property=\"og:locale\" content=\"en_US\" \/>\n<meta property=\"og:type\" content=\"article\" \/>\n<meta property=\"og:title\" content=\"Neue Online-Gespr\u00e4chsreihe ab 4. Dezember: Hoffen auf die Ewigkeit! - Mariazell im Wienerwald\" \/>\n<meta property=\"og:description\" content=\"ExpertInnen im Gespr\u00e4ch &nbsp; Das im Oktober dieses Jahres erschienene Buch &#8222;Hoffen auf die Ewigkeit&#8220; vereint 28 Beitr\u00e4ge namhafter Forscherinnen und Forscher zu einer der faszinierendsten Epochen in der Geschichte unseres Landes. In den Aufs\u00e4tzen wurden l\u00e4ngst nicht alle offenen Fragen beantwortet, vieles wird auch weiterhin offen bleiben und f\u00fcr Diskussionen sorgen. Der Herausgeber des [&hellip;]\" \/>\n<meta property=\"og:url\" content=\"https:\/\/www.mariazell-wienerwald.at\/en\/neue-online-gespraechsreihe-ab-4-dezember-hoffen-auf-die-ewigkeit\/\" \/>\n<meta property=\"og:site_name\" content=\"Mariazell im Wienerwald\" \/>\n<meta property=\"article:published_time\" content=\"2020-11-29T16:16:46+00:00\" \/>\n<meta property=\"article:modified_time\" content=\"2020-12-08T17:23:00+00:00\" \/>\n<meta property=\"og:image\" content=\"https:\/\/www.mariazell-wienerwald.at\/wp-content\/uploads\/2020\/07\/HoffenaufdieEwigkeit_Titel-296x300.jpg\" \/>\n<meta name=\"author\" content=\"Thomas Aigner\" \/>\n<meta name=\"twitter:card\" content=\"summary_large_image\" \/>\n<meta name=\"twitter:label1\" content=\"Written by\" \/>\n\t<meta name=\"twitter:data1\" content=\"Thomas Aigner\" \/>\n\t<meta name=\"twitter:label2\" content=\"Est. reading time\" \/>\n\t<meta name=\"twitter:data2\" content=\"4 minutes\" \/>\n<script type=\"application\/ld+json\" class=\"yoast-schema-graph\">{\"@context\":\"https:\/\/schema.org\",\"@graph\":[{\"@type\":\"WebPage\",\"@id\":\"https:\/\/www.mariazell-wienerwald.at\/neue-online-gespraechsreihe-ab-4-dezember-hoffen-auf-die-ewigkeit\/\",\"url\":\"https:\/\/www.mariazell-wienerwald.at\/neue-online-gespraechsreihe-ab-4-dezember-hoffen-auf-die-ewigkeit\/\",\"name\":\"Neue Online-Gespr\u00e4chsreihe ab 4. Dezember: Hoffen auf die Ewigkeit! - Mariazell im Wienerwald\",\"isPartOf\":{\"@id\":\"https:\/\/www.mariazell-wienerwald.at\/#website\"},\"primaryImageOfPage\":{\"@id\":\"https:\/\/www.mariazell-wienerwald.at\/neue-online-gespraechsreihe-ab-4-dezember-hoffen-auf-die-ewigkeit\/#primaryimage\"},\"image\":{\"@id\":\"https:\/\/www.mariazell-wienerwald.at\/neue-online-gespraechsreihe-ab-4-dezember-hoffen-auf-die-ewigkeit\/#primaryimage\"},\"thumbnailUrl\":\"https:\/\/www.mariazell-wienerwald.at\/wp-content\/uploads\/2020\/07\/HoffenaufdieEwigkeit_Titel-296x300.jpg\",\"datePublished\":\"2020-11-29T16:16:46+00:00\",\"dateModified\":\"2020-12-08T17:23:00+00:00\",\"author\":{\"@id\":\"https:\/\/www.mariazell-wienerwald.at\/#\/schema\/person\/8aa8609a154a15cf2e659bc8d1b8cc68\"},\"breadcrumb\":{\"@id\":\"https:\/\/www.mariazell-wienerwald.at\/neue-online-gespraechsreihe-ab-4-dezember-hoffen-auf-die-ewigkeit\/#breadcrumb\"},\"inLanguage\":\"en-US\",\"potentialAction\":[{\"@type\":\"ReadAction\",\"target\":[\"https:\/\/www.mariazell-wienerwald.at\/neue-online-gespraechsreihe-ab-4-dezember-hoffen-auf-die-ewigkeit\/\"]}]},{\"@type\":\"ImageObject\",\"inLanguage\":\"en-US\",\"@id\":\"https:\/\/www.mariazell-wienerwald.at\/neue-online-gespraechsreihe-ab-4-dezember-hoffen-auf-die-ewigkeit\/#primaryimage\",\"url\":\"https:\/\/www.mariazell-wienerwald.at\/wp-content\/uploads\/2020\/07\/HoffenaufdieEwigkeit_Titel-296x300.jpg\",\"contentUrl\":\"https:\/\/www.mariazell-wienerwald.at\/wp-content\/uploads\/2020\/07\/HoffenaufdieEwigkeit_Titel-296x300.jpg\"},{\"@type\":\"BreadcrumbList\",\"@id\":\"https:\/\/www.mariazell-wienerwald.at\/neue-online-gespraechsreihe-ab-4-dezember-hoffen-auf-die-ewigkeit\/#breadcrumb\",\"itemListElement\":[{\"@type\":\"ListItem\",\"position\":1,\"name\":\"Startseite\",\"item\":\"https:\/\/www.mariazell-wienerwald.at\/\"},{\"@type\":\"ListItem\",\"position\":2,\"name\":\"Neue Online-Gespr\u00e4chsreihe ab 4. Dezember: Hoffen auf die Ewigkeit!\"}]},{\"@type\":\"WebSite\",\"@id\":\"https:\/\/www.mariazell-wienerwald.at\/#website\",\"url\":\"https:\/\/www.mariazell-wienerwald.at\/\",\"name\":\"Mariazell im Wienerwald\",\"description\":\"\",\"potentialAction\":[{\"@type\":\"SearchAction\",\"target\":{\"@type\":\"EntryPoint\",\"urlTemplate\":\"https:\/\/www.mariazell-wienerwald.at\/?s={search_term_string}\"},\"query-input\":\"required name=search_term_string\"}],\"inLanguage\":\"en-US\"},{\"@type\":\"Person\",\"@id\":\"https:\/\/www.mariazell-wienerwald.at\/#\/schema\/person\/8aa8609a154a15cf2e659bc8d1b8cc68\",\"name\":\"Thomas Aigner\",\"image\":{\"@type\":\"ImageObject\",\"inLanguage\":\"en-US\",\"@id\":\"https:\/\/www.mariazell-wienerwald.at\/#\/schema\/person\/image\/\",\"url\":\"https:\/\/secure.gravatar.com\/avatar\/3036fba9b4bba76d18c9c1c1a271e447?s=96&d=mm&r=g\",\"contentUrl\":\"https:\/\/secure.gravatar.com\/avatar\/3036fba9b4bba76d18c9c1c1a271e447?s=96&d=mm&r=g\",\"caption\":\"Thomas Aigner\"},\"url\":\"https:\/\/www.mariazell-wienerwald.at\/en\/author\/thomas-aigner\/\"}]}<\/script>\n<!-- \/ Yoast SEO plugin. -->","yoast_head_json":{"title":"Neue Online-Gespr\u00e4chsreihe ab 4. Dezember: Hoffen auf die Ewigkeit! - Mariazell im Wienerwald","robots":{"index":"index","follow":"follow","max-snippet":"max-snippet:-1","max-image-preview":"max-image-preview:large","max-video-preview":"max-video-preview:-1"},"canonical":"https:\/\/www.mariazell-wienerwald.at\/en\/neue-online-gespraechsreihe-ab-4-dezember-hoffen-auf-die-ewigkeit\/","og_locale":"en_US","og_type":"article","og_title":"Neue Online-Gespr\u00e4chsreihe ab 4. Dezember: Hoffen auf die Ewigkeit! - Mariazell im Wienerwald","og_description":"ExpertInnen im Gespr\u00e4ch &nbsp; Das im Oktober dieses Jahres erschienene Buch &#8222;Hoffen auf die Ewigkeit&#8220; vereint 28 Beitr\u00e4ge namhafter Forscherinnen und Forscher zu einer der faszinierendsten Epochen in der Geschichte unseres Landes. In den Aufs\u00e4tzen wurden l\u00e4ngst nicht alle offenen Fragen beantwortet, vieles wird auch weiterhin offen bleiben und f\u00fcr Diskussionen sorgen. Der Herausgeber des [&hellip;]","og_url":"https:\/\/www.mariazell-wienerwald.at\/en\/neue-online-gespraechsreihe-ab-4-dezember-hoffen-auf-die-ewigkeit\/","og_site_name":"Mariazell im Wienerwald","article_published_time":"2020-11-29T16:16:46+00:00","article_modified_time":"2020-12-08T17:23:00+00:00","og_image":[{"url":"https:\/\/www.mariazell-wienerwald.at\/wp-content\/uploads\/2020\/07\/HoffenaufdieEwigkeit_Titel-296x300.jpg"}],"author":"Thomas Aigner","twitter_card":"summary_large_image","twitter_misc":{"Written by":"Thomas Aigner","Est. reading time":"4 minutes"},"schema":{"@context":"https:\/\/schema.org","@graph":[{"@type":"WebPage","@id":"https:\/\/www.mariazell-wienerwald.at\/neue-online-gespraechsreihe-ab-4-dezember-hoffen-auf-die-ewigkeit\/","url":"https:\/\/www.mariazell-wienerwald.at\/neue-online-gespraechsreihe-ab-4-dezember-hoffen-auf-die-ewigkeit\/","name":"Neue Online-Gespr\u00e4chsreihe ab 4. Dezember: Hoffen auf die Ewigkeit! - Mariazell im Wienerwald","isPartOf":{"@id":"https:\/\/www.mariazell-wienerwald.at\/#website"},"primaryImageOfPage":{"@id":"https:\/\/www.mariazell-wienerwald.at\/neue-online-gespraechsreihe-ab-4-dezember-hoffen-auf-die-ewigkeit\/#primaryimage"},"image":{"@id":"https:\/\/www.mariazell-wienerwald.at\/neue-online-gespraechsreihe-ab-4-dezember-hoffen-auf-die-ewigkeit\/#primaryimage"},"thumbnailUrl":"https:\/\/www.mariazell-wienerwald.at\/wp-content\/uploads\/2020\/07\/HoffenaufdieEwigkeit_Titel-296x300.jpg","datePublished":"2020-11-29T16:16:46+00:00","dateModified":"2020-12-08T17:23:00+00:00","author":{"@id":"https:\/\/www.mariazell-wienerwald.at\/#\/schema\/person\/8aa8609a154a15cf2e659bc8d1b8cc68"},"breadcrumb":{"@id":"https:\/\/www.mariazell-wienerwald.at\/neue-online-gespraechsreihe-ab-4-dezember-hoffen-auf-die-ewigkeit\/#breadcrumb"},"inLanguage":"en-US","potentialAction":[{"@type":"ReadAction","target":["https:\/\/www.mariazell-wienerwald.at\/neue-online-gespraechsreihe-ab-4-dezember-hoffen-auf-die-ewigkeit\/"]}]},{"@type":"ImageObject","inLanguage":"en-US","@id":"https:\/\/www.mariazell-wienerwald.at\/neue-online-gespraechsreihe-ab-4-dezember-hoffen-auf-die-ewigkeit\/#primaryimage","url":"https:\/\/www.mariazell-wienerwald.at\/wp-content\/uploads\/2020\/07\/HoffenaufdieEwigkeit_Titel-296x300.jpg","contentUrl":"https:\/\/www.mariazell-wienerwald.at\/wp-content\/uploads\/2020\/07\/HoffenaufdieEwigkeit_Titel-296x300.jpg"},{"@type":"BreadcrumbList","@id":"https:\/\/www.mariazell-wienerwald.at\/neue-online-gespraechsreihe-ab-4-dezember-hoffen-auf-die-ewigkeit\/#breadcrumb","itemListElement":[{"@type":"ListItem","position":1,"name":"Startseite","item":"https:\/\/www.mariazell-wienerwald.at\/"},{"@type":"ListItem","position":2,"name":"Neue Online-Gespr\u00e4chsreihe ab 4. Dezember: Hoffen auf die Ewigkeit!"}]},{"@type":"WebSite","@id":"https:\/\/www.mariazell-wienerwald.at\/#website","url":"https:\/\/www.mariazell-wienerwald.at\/","name":"Mariazell im Wienerwald","description":"","potentialAction":[{"@type":"SearchAction","target":{"@type":"EntryPoint","urlTemplate":"https:\/\/www.mariazell-wienerwald.at\/?s={search_term_string}"},"query-input":"required name=search_term_string"}],"inLanguage":"en-US"},{"@type":"Person","@id":"https:\/\/www.mariazell-wienerwald.at\/#\/schema\/person\/8aa8609a154a15cf2e659bc8d1b8cc68","name":"Thomas Aigner","image":{"@type":"ImageObject","inLanguage":"en-US","@id":"https:\/\/www.mariazell-wienerwald.at\/#\/schema\/person\/image\/","url":"https:\/\/secure.gravatar.com\/avatar\/3036fba9b4bba76d18c9c1c1a271e447?s=96&d=mm&r=g","contentUrl":"https:\/\/secure.gravatar.com\/avatar\/3036fba9b4bba76d18c9c1c1a271e447?s=96&d=mm&r=g","caption":"Thomas Aigner"},"url":"https:\/\/www.mariazell-wienerwald.at\/en\/author\/thomas-aigner\/"}]}},"_links":{"self":[{"href":"https:\/\/www.mariazell-wienerwald.at\/en\/wp-json\/wp\/v2\/posts\/3828"}],"collection":[{"href":"https:\/\/www.mariazell-wienerwald.at\/en\/wp-json\/wp\/v2\/posts"}],"about":[{"href":"https:\/\/www.mariazell-wienerwald.at\/en\/wp-json\/wp\/v2\/types\/post"}],"author":[{"embeddable":true,"href":"https:\/\/www.mariazell-wienerwald.at\/en\/wp-json\/wp\/v2\/users\/3"}],"replies":[{"embeddable":true,"href":"https:\/\/www.mariazell-wienerwald.at\/en\/wp-json\/wp\/v2\/comments?post=3828"}],"version-history":[{"count":35,"href":"https:\/\/www.mariazell-wienerwald.at\/en\/wp-json\/wp\/v2\/posts\/3828\/revisions"}],"predecessor-version":[{"id":3922,"href":"https:\/\/www.mariazell-wienerwald.at\/en\/wp-json\/wp\/v2\/posts\/3828\/revisions\/3922"}],"wp:attachment":[{"href":"https:\/\/www.mariazell-wienerwald.at\/en\/wp-json\/wp\/v2\/media?parent=3828"}],"wp:term":[{"taxonomy":"category","embeddable":true,"href":"https:\/\/www.mariazell-wienerwald.at\/en\/wp-json\/wp\/v2\/categories?post=3828"},{"taxonomy":"post_tag","embeddable":true,"href":"https:\/\/www.mariazell-wienerwald.at\/en\/wp-json\/wp\/v2\/tags?post=3828"}],"curies":[{"name":"wp","href":"https:\/\/api.w.org\/{rel}","templated":true}]}}