{"id":3910,"date":"2020-12-05T20:09:21","date_gmt":"2020-12-05T19:09:21","guid":{"rendered":"https:\/\/www.mariazell-wienerwald.at\/?p=3910"},"modified":"2021-01-07T13:47:44","modified_gmt":"2021-01-07T12:47:44","slug":"online-talk-shows-zum-nachsehen","status":"publish","type":"post","link":"https:\/\/www.mariazell-wienerwald.at\/en\/online-talk-shows-zum-nachsehen\/","title":{"rendered":"Online talk shows to watch"},"content":{"rendered":"<h2><strong>18. Dezember 2020: <em>Wir bauen ein Kloster! (12.\/13. Jh.) <\/em><\/strong><\/h2>\n<h2><strong>mit Univ.-Doz. Dr. Barbara Schedl<br \/>\n<\/strong><\/h2>\n<p>&nbsp;<\/p>\n<p><iframe src=\"https:\/\/www.youtube.com\/embed\/IOJsF4gS2FA\" width=\"560\" height=\"455\" frameborder=\"0\" allowfullscreen=\"allowfullscreen\"><span style=\"display: inline-block; width: 0px; overflow: hidden; line-height: 0;\" data-mce-type=\"bookmark\" class=\"mce_SELRES_start\"><\/span><span style=\"display: inline-block; width: 0px; overflow: hidden; line-height: 0;\" data-mce-type=\"bookmark\" class=\"mce_SELRES_start\"><\/span><span style=\"display: inline-block; width: 0px; overflow: hidden; line-height: 0;\" data-mce-type=\"bookmark\" class=\"mce_SELRES_start\"><\/span><\/iframe><\/p>\n<h4>Anlage, Entstehung und Erbauung der ersten Kirche und Klausurbaulichkeiten im 12.\/13. Jh.<\/h4>\n<p><em>Nach dem Entschluss der Gr\u00fcndung eines Klosters im s\u00fcdlichen Wienerwald musste ein Ort gefunden werden, der dem zur\u00fcckgezogenen Leben der M\u00f6nche entsprach. Nachdem dieser festgelegt worden war, musste durch Rodung f\u00fcr den Bau einer Kirche und eines Klosters der Bauplatz vorbereitet werden. Welche Konzepte oder Vorbilder hatte man bei der Errichtung der ersten Geb\u00e4ude? Woher kam das Material f\u00fcr den Bau? Woher die Arbeiter?<\/em><\/p>\n<p><a href=\"https:\/\/kunstgeschichte.univie.ac.at\/ueber-uns\/mitarbeiterinnen\/dozenteninnen\/schedl-barbara\/\" target=\"_blank\" rel=\"noopener noreferrer\">Barbara SCHEDL, Mag., Dr., zPMA,<\/a> Privatdozentin am Institut f\u00fcr Kunstgeschichte der Universit\u00e4t Wien, Studium der Kunstgeschichte in der Universit\u00e4t Wien. Zahlreiche nationale und internationale Forschungsprojekte und Publikationen zu kulturwissenschaftlichen Themen mit Schwerpunkt Mittelalter.<\/p>\n<p>Das <strong>Buch zur Gespr\u00e4chsreihe &#8222;Hoffen auf die Ewigkeit&#8220;<\/strong> gibt es bei einem Beitritt zum Verein Mariazell im Wienerwald bis 31.12.2020 <strong>GRATIS<\/strong>; <a href=\"https:\/\/www.mariazell-wienerwald.at\/en\/unterstuetzen-sie-uns\/mitglied\/\" target=\"_blank\" rel=\"noopener noreferrer\">einfach hier anmelden und das Buch kommt automatisch per Post.<\/a><\/p>\n<p>Selbstverst\u00e4ndlich kann das Buch auch ganz regul\u00e4r <a href=\"https:\/\/www.mariazell-wienerwald.at\/en\/klosterladen\/produkte-neu\/bucher\/hoffen-auf-die-ewigkeit\/\" target=\"_blank\" rel=\"noopener noreferrer\"><strong>hier bestellt <\/strong><\/a>werden.<\/p>\n<p><a href=\"https:\/\/www.mariazell-wienerwald.at\/en\/neue-online-gespraechsreihe-ab-4-dezember-hoffen-auf-die-ewigkeit\/\" target=\"_blank\" rel=\"noopener noreferrer\"><strong>Weitere Infos zur Gespr\u00e4chsreihe<\/strong><\/a><\/p>\n<p>&nbsp;<\/p>\n<hr \/>\n<h2><\/h2>\n<h2><strong>04. Dezember 2020: <em>Ein Land entsteht!<\/em> <\/strong><\/h2>\n<h2><strong>mit Univ.-Prof. Dr. Karl Brunner<\/strong><\/h2>\n<p>&nbsp;<\/p>\n<p><iframe src=\"https:\/\/www.youtube.com\/embed\/xzjSMy1a0d8\" width=\"560\" height=\"455\" frameborder=\"0\" allowfullscreen=\"allowfullscreen\"><\/iframe><\/p>\n<h4>Der politische Rahmen der Klostergr\u00fcndung im 11.\/12. Jh.<\/h4>\n<p><em>Die Babenbergermark wird zum Land, Verkehrswege entstehen, Machtbereiche definieren sich neu, das Land wird mit Siedlungen druchdrungen. Im s\u00fcdlichen Wienerwald lassen sich adelige Geschlechter nieder, die die Kolonisierung vorantreiben und ein Kloster gr\u00fcnden. Welche Rollen spielten die Babenberger dabei? Was hat Leopold III. damit tats\u00e4chlich zu tun? Diese noch viel mehr Fragen werden Thema dieser Talk-Show sein.<\/em><\/p>\n<p><a href=\"https:\/\/de.wikipedia.org\/wiki\/Karl_Brunner_(Historiker)\" target=\"_blank\" rel=\"noopener noreferrer\">Karl BRUNNER, Univ. Prof. i. R., Dr.,<\/a> war Professor f\u00fcr mittelalterliche Geschichte und Historische Hilfswissenschaften, Direktor des Instituts f\u00fcr Realienkunde des Mittelalters und der fr\u00fchen Neuzeit in Krems und des Instituts f\u00fcr \u00d6sterreichische Geschichtsforschung an der Universit\u00e4t Wien, Leitung mehrerer Landesausstellungen in Ober- und Nieder\u00f6sterreich, neben reichem<\/p>\n<p>Das <strong>Buch zur Gespr\u00e4chsreihe &#8222;Hoffen auf die Ewigkeit&#8220;<\/strong> gibt es bei einem Beitritt zum Verein Mariazell im Wienerwald bis 31.12.2020 <strong>GRATIS<\/strong>; <a href=\"https:\/\/www.mariazell-wienerwald.at\/en\/unterstuetzen-sie-uns\/mitglied\/\" target=\"_blank\" rel=\"noopener noreferrer\">einfach hier anmelden und das Buch kommt automatisch per Post.<\/a><\/p>\n<p>Selbstverst\u00e4ndlich kann das Buch auch ganz regul\u00e4r <a href=\"https:\/\/www.mariazell-wienerwald.at\/en\/klosterladen\/produkte-neu\/bucher\/hoffen-auf-die-ewigkeit\/\" target=\"_blank\" rel=\"noopener noreferrer\"><strong>hier bestellt <\/strong><\/a>werden.<\/p>\n<p><a href=\"https:\/\/www.mariazell-wienerwald.at\/en\/neue-online-gespraechsreihe-ab-4-dezember-hoffen-auf-die-ewigkeit\/\" target=\"_blank\" rel=\"noopener noreferrer\"><strong>Weitere Infos zur Gespr\u00e4chsreihe<\/strong><\/a><\/p>\n<p>&nbsp;<\/p>\n<hr \/>\n<h2><strong>11. Dezember 2020: <em>Wir gehen ins Kloster!\u00a0 (12. Jh.) <\/em><\/strong><\/h2>\n<h2><strong>mit Univ.-Prof. Dr. Christina Lutter<br \/>\n<\/strong><\/h2>\n<p>&nbsp;<\/p>\n<p><em><strong>Video nicht mehr verf\u00fcgbar<\/strong><\/em><\/p>\n<p>&nbsp;<\/p>\n<h4>(Klein-) Mariazell und die gro\u00dfen Reformzentren Admont und G\u00f6ttweig<\/h4>\n<p><em>Das 11.\/12. Jh. ist eine Epoche schwerer politischer Verwerfungen, aber auch Kl\u00e4rungen zwischen Kirche und Reich. Gleichzeitig entstehen zahlreiche neue religi\u00f6se Aufbr\u00fcche, die sich in neuen Orden wie jenem der Zisterzienser oder in Reformbewegungen wie jenen von Hirsau bzw. Admont manifestierten. (Klein-) Mariazell steht ist ganz vor dem Hintergrund dieser bewegten Entwicklungen zu sehen. Was bewegte die Menschen ins Kloster zu gehen? Welche Angebote machte man den Menschen, um ein religi\u00f6ses Leben zu f\u00fchren? Welche Bedeutung spielte das Kloster f\u00fcr die Menschen in der Welt?<\/em><\/p>\n<p><a href=\"https:\/\/geschichtsforschung.univie.ac.at\/ueber-uns\/personen\/wissenschaftliche-angehoerige-ig\/lutter-christina\/\" target=\"_blank\" rel=\"noopener noreferrer\">Christina LUTTER, Univ.-Prof., Dr.,<\/a> ist Professorin f\u00fcr \u00f6sterreichische Geschichte sowie Kultur- und Geschlechtergeschichte an der Universit\u00e4t Wien und eine ausgewiesen Expertin f\u00fcr kl\u00f6sterliche Reformbewegungen des hohen Mittelalters. In ihrer Habilitation besch\u00e4ftigte sie sich eingehend mit dem Nonnenkloster in Admont und der Bedeutung kl\u00f6sterlicher Reformbewegungen zu dieser Zeit. Ihre Forschungsschwerpunkte liegen in den Bereichen der Kultur- und Geschlechtergeschichte des Mittelalters, mit besonderem Fokus auf Formen des Zusammenlebens in Gemeinschaften zwischen monastischen, st\u00e4dtischen und h\u00f6fischen R\u00e4umen.<\/p>\n<p>Das <strong>Buch zur Gespr\u00e4chsreihe &#8222;Hoffen auf die Ewigkeit&#8220;<\/strong> gibt es bei einem Beitritt zum Verein Mariazell im Wienerwald bis 31.12.2020 <strong>GRATIS<\/strong>; <a href=\"https:\/\/www.mariazell-wienerwald.at\/en\/unterstuetzen-sie-uns\/mitglied\/\" target=\"_blank\" rel=\"noopener noreferrer\">einfach hier anmelden und das Buch kommt automatisch per Post.<\/a><\/p>\n<p>Selbstverst\u00e4ndlich kann das Buch auch ganz regul\u00e4r <a href=\"https:\/\/www.mariazell-wienerwald.at\/en\/klosterladen\/produkte-neu\/bucher\/hoffen-auf-die-ewigkeit\/\" target=\"_blank\" rel=\"noopener noreferrer\"><strong>hier bestellt <\/strong><\/a>werden.<\/p>\n<p><a href=\"https:\/\/www.mariazell-wienerwald.at\/en\/neue-online-gespraechsreihe-ab-4-dezember-hoffen-auf-die-ewigkeit\/\" target=\"_blank\" rel=\"noopener noreferrer\"><strong>Weitere Infos zur Gespr\u00e4chsreihe<\/strong><\/a><\/p>","protected":false},"excerpt":{"rendered":"<p>18. Dezember 2020: Wir bauen ein Kloster! (12.\/13. Jh.) mit Univ.-Doz. Dr. Barbara Schedl &nbsp; \ufeff\ufeff\ufeff Anlage, Entstehung und Erbauung der ersten Kirche und Klausurbaulichkeiten im 12.\/13. Jh. Nach dem Entschluss der Gr\u00fcndung eines Klosters im s\u00fcdlichen Wienerwald musste ein Ort gefunden werden, der dem zur\u00fcckgezogenen Leben der M\u00f6nche entsprach. Nachdem dieser festgelegt worden war, [&hellip;]<\/p>","protected":false},"author":3,"featured_media":0,"comment_status":"open","ping_status":"open","sticky":false,"template":"","format":"standard","meta":{"_acf_changed":false,"footnotes":""},"categories":[1],"tags":[],"class_list":["post-3910","post","type-post","status-publish","format-standard","hentry","category-allgemein"],"acf":[],"yoast_head":"<!-- This site is optimized with the Yoast SEO plugin v23.1 - https:\/\/yoast.com\/wordpress\/plugins\/seo\/ -->\n<title>Online Talk-Shows zum Nachsehen - Mariazell im Wienerwald<\/title>\n<meta name=\"robots\" content=\"index, follow, max-snippet:-1, max-image-preview:large, max-video-preview:-1\" \/>\n<link rel=\"canonical\" href=\"https:\/\/www.mariazell-wienerwald.at\/en\/online-talk-shows-zum-nachsehen\/\" \/>\n<meta property=\"og:locale\" content=\"en_US\" \/>\n<meta property=\"og:type\" content=\"article\" \/>\n<meta property=\"og:title\" content=\"Online Talk-Shows zum Nachsehen - Mariazell im Wienerwald\" \/>\n<meta property=\"og:description\" content=\"18. Dezember 2020: Wir bauen ein Kloster! (12.\/13. Jh.) mit Univ.-Doz. Dr. Barbara Schedl &nbsp; \ufeff\ufeff\ufeff Anlage, Entstehung und Erbauung der ersten Kirche und Klausurbaulichkeiten im 12.\/13. Jh. Nach dem Entschluss der Gr\u00fcndung eines Klosters im s\u00fcdlichen Wienerwald musste ein Ort gefunden werden, der dem zur\u00fcckgezogenen Leben der M\u00f6nche entsprach. Nachdem dieser festgelegt worden war, [&hellip;]\" \/>\n<meta property=\"og:url\" content=\"https:\/\/www.mariazell-wienerwald.at\/en\/online-talk-shows-zum-nachsehen\/\" \/>\n<meta property=\"og:site_name\" content=\"Mariazell im Wienerwald\" \/>\n<meta property=\"article:published_time\" content=\"2020-12-05T19:09:21+00:00\" \/>\n<meta property=\"article:modified_time\" content=\"2021-01-07T12:47:44+00:00\" \/>\n<meta name=\"author\" content=\"Thomas Aigner\" \/>\n<meta name=\"twitter:card\" content=\"summary_large_image\" \/>\n<meta name=\"twitter:label1\" content=\"Written by\" \/>\n\t<meta name=\"twitter:data1\" content=\"Thomas Aigner\" \/>\n\t<meta name=\"twitter:label2\" content=\"Est. reading time\" \/>\n\t<meta name=\"twitter:data2\" content=\"3 minutes\" \/>\n<script type=\"application\/ld+json\" class=\"yoast-schema-graph\">{\"@context\":\"https:\/\/schema.org\",\"@graph\":[{\"@type\":\"WebPage\",\"@id\":\"https:\/\/www.mariazell-wienerwald.at\/online-talk-shows-zum-nachsehen\/\",\"url\":\"https:\/\/www.mariazell-wienerwald.at\/online-talk-shows-zum-nachsehen\/\",\"name\":\"Online Talk-Shows zum Nachsehen - Mariazell im Wienerwald\",\"isPartOf\":{\"@id\":\"https:\/\/www.mariazell-wienerwald.at\/#website\"},\"datePublished\":\"2020-12-05T19:09:21+00:00\",\"dateModified\":\"2021-01-07T12:47:44+00:00\",\"author\":{\"@id\":\"https:\/\/www.mariazell-wienerwald.at\/#\/schema\/person\/8aa8609a154a15cf2e659bc8d1b8cc68\"},\"breadcrumb\":{\"@id\":\"https:\/\/www.mariazell-wienerwald.at\/online-talk-shows-zum-nachsehen\/#breadcrumb\"},\"inLanguage\":\"en-US\",\"potentialAction\":[{\"@type\":\"ReadAction\",\"target\":[\"https:\/\/www.mariazell-wienerwald.at\/online-talk-shows-zum-nachsehen\/\"]}]},{\"@type\":\"BreadcrumbList\",\"@id\":\"https:\/\/www.mariazell-wienerwald.at\/online-talk-shows-zum-nachsehen\/#breadcrumb\",\"itemListElement\":[{\"@type\":\"ListItem\",\"position\":1,\"name\":\"Startseite\",\"item\":\"https:\/\/www.mariazell-wienerwald.at\/\"},{\"@type\":\"ListItem\",\"position\":2,\"name\":\"Online Talk-Shows zum Nachsehen\"}]},{\"@type\":\"WebSite\",\"@id\":\"https:\/\/www.mariazell-wienerwald.at\/#website\",\"url\":\"https:\/\/www.mariazell-wienerwald.at\/\",\"name\":\"Mariazell im Wienerwald\",\"description\":\"\",\"potentialAction\":[{\"@type\":\"SearchAction\",\"target\":{\"@type\":\"EntryPoint\",\"urlTemplate\":\"https:\/\/www.mariazell-wienerwald.at\/?s={search_term_string}\"},\"query-input\":\"required name=search_term_string\"}],\"inLanguage\":\"en-US\"},{\"@type\":\"Person\",\"@id\":\"https:\/\/www.mariazell-wienerwald.at\/#\/schema\/person\/8aa8609a154a15cf2e659bc8d1b8cc68\",\"name\":\"Thomas Aigner\",\"image\":{\"@type\":\"ImageObject\",\"inLanguage\":\"en-US\",\"@id\":\"https:\/\/www.mariazell-wienerwald.at\/#\/schema\/person\/image\/\",\"url\":\"https:\/\/secure.gravatar.com\/avatar\/3036fba9b4bba76d18c9c1c1a271e447?s=96&d=mm&r=g\",\"contentUrl\":\"https:\/\/secure.gravatar.com\/avatar\/3036fba9b4bba76d18c9c1c1a271e447?s=96&d=mm&r=g\",\"caption\":\"Thomas Aigner\"},\"url\":\"https:\/\/www.mariazell-wienerwald.at\/en\/author\/thomas-aigner\/\"}]}<\/script>\n<!-- \/ Yoast SEO plugin. -->","yoast_head_json":{"title":"Online Talk-Shows zum Nachsehen - Mariazell im Wienerwald","robots":{"index":"index","follow":"follow","max-snippet":"max-snippet:-1","max-image-preview":"max-image-preview:large","max-video-preview":"max-video-preview:-1"},"canonical":"https:\/\/www.mariazell-wienerwald.at\/en\/online-talk-shows-zum-nachsehen\/","og_locale":"en_US","og_type":"article","og_title":"Online Talk-Shows zum Nachsehen - Mariazell im Wienerwald","og_description":"18. Dezember 2020: Wir bauen ein Kloster! (12.\/13. Jh.) mit Univ.-Doz. Dr. Barbara Schedl &nbsp; \ufeff\ufeff\ufeff Anlage, Entstehung und Erbauung der ersten Kirche und Klausurbaulichkeiten im 12.\/13. Jh. Nach dem Entschluss der Gr\u00fcndung eines Klosters im s\u00fcdlichen Wienerwald musste ein Ort gefunden werden, der dem zur\u00fcckgezogenen Leben der M\u00f6nche entsprach. Nachdem dieser festgelegt worden war, [&hellip;]","og_url":"https:\/\/www.mariazell-wienerwald.at\/en\/online-talk-shows-zum-nachsehen\/","og_site_name":"Mariazell im Wienerwald","article_published_time":"2020-12-05T19:09:21+00:00","article_modified_time":"2021-01-07T12:47:44+00:00","author":"Thomas Aigner","twitter_card":"summary_large_image","twitter_misc":{"Written by":"Thomas Aigner","Est. reading time":"3 minutes"},"schema":{"@context":"https:\/\/schema.org","@graph":[{"@type":"WebPage","@id":"https:\/\/www.mariazell-wienerwald.at\/online-talk-shows-zum-nachsehen\/","url":"https:\/\/www.mariazell-wienerwald.at\/online-talk-shows-zum-nachsehen\/","name":"Online Talk-Shows zum Nachsehen - Mariazell im Wienerwald","isPartOf":{"@id":"https:\/\/www.mariazell-wienerwald.at\/#website"},"datePublished":"2020-12-05T19:09:21+00:00","dateModified":"2021-01-07T12:47:44+00:00","author":{"@id":"https:\/\/www.mariazell-wienerwald.at\/#\/schema\/person\/8aa8609a154a15cf2e659bc8d1b8cc68"},"breadcrumb":{"@id":"https:\/\/www.mariazell-wienerwald.at\/online-talk-shows-zum-nachsehen\/#breadcrumb"},"inLanguage":"en-US","potentialAction":[{"@type":"ReadAction","target":["https:\/\/www.mariazell-wienerwald.at\/online-talk-shows-zum-nachsehen\/"]}]},{"@type":"BreadcrumbList","@id":"https:\/\/www.mariazell-wienerwald.at\/online-talk-shows-zum-nachsehen\/#breadcrumb","itemListElement":[{"@type":"ListItem","position":1,"name":"Startseite","item":"https:\/\/www.mariazell-wienerwald.at\/"},{"@type":"ListItem","position":2,"name":"Online Talk-Shows zum Nachsehen"}]},{"@type":"WebSite","@id":"https:\/\/www.mariazell-wienerwald.at\/#website","url":"https:\/\/www.mariazell-wienerwald.at\/","name":"Mariazell im Wienerwald","description":"","potentialAction":[{"@type":"SearchAction","target":{"@type":"EntryPoint","urlTemplate":"https:\/\/www.mariazell-wienerwald.at\/?s={search_term_string}"},"query-input":"required name=search_term_string"}],"inLanguage":"en-US"},{"@type":"Person","@id":"https:\/\/www.mariazell-wienerwald.at\/#\/schema\/person\/8aa8609a154a15cf2e659bc8d1b8cc68","name":"Thomas Aigner","image":{"@type":"ImageObject","inLanguage":"en-US","@id":"https:\/\/www.mariazell-wienerwald.at\/#\/schema\/person\/image\/","url":"https:\/\/secure.gravatar.com\/avatar\/3036fba9b4bba76d18c9c1c1a271e447?s=96&d=mm&r=g","contentUrl":"https:\/\/secure.gravatar.com\/avatar\/3036fba9b4bba76d18c9c1c1a271e447?s=96&d=mm&r=g","caption":"Thomas Aigner"},"url":"https:\/\/www.mariazell-wienerwald.at\/en\/author\/thomas-aigner\/"}]}},"_links":{"self":[{"href":"https:\/\/www.mariazell-wienerwald.at\/en\/wp-json\/wp\/v2\/posts\/3910"}],"collection":[{"href":"https:\/\/www.mariazell-wienerwald.at\/en\/wp-json\/wp\/v2\/posts"}],"about":[{"href":"https:\/\/www.mariazell-wienerwald.at\/en\/wp-json\/wp\/v2\/types\/post"}],"author":[{"embeddable":true,"href":"https:\/\/www.mariazell-wienerwald.at\/en\/wp-json\/wp\/v2\/users\/3"}],"replies":[{"embeddable":true,"href":"https:\/\/www.mariazell-wienerwald.at\/en\/wp-json\/wp\/v2\/comments?post=3910"}],"version-history":[{"count":12,"href":"https:\/\/www.mariazell-wienerwald.at\/en\/wp-json\/wp\/v2\/posts\/3910\/revisions"}],"predecessor-version":[{"id":3957,"href":"https:\/\/www.mariazell-wienerwald.at\/en\/wp-json\/wp\/v2\/posts\/3910\/revisions\/3957"}],"wp:attachment":[{"href":"https:\/\/www.mariazell-wienerwald.at\/en\/wp-json\/wp\/v2\/media?parent=3910"}],"wp:term":[{"taxonomy":"category","embeddable":true,"href":"https:\/\/www.mariazell-wienerwald.at\/en\/wp-json\/wp\/v2\/categories?post=3910"},{"taxonomy":"post_tag","embeddable":true,"href":"https:\/\/www.mariazell-wienerwald.at\/en\/wp-json\/wp\/v2\/tags?post=3910"}],"curies":[{"name":"wp","href":"https:\/\/api.w.org\/{rel}","templated":true}]}}