{"id":4124,"date":"2021-05-12T16:32:17","date_gmt":"2021-05-12T14:32:17","guid":{"rendered":"https:\/\/www.mariazell-wienerwald.at\/?p=4124"},"modified":"2021-06-07T11:01:37","modified_gmt":"2021-06-07T09:01:37","slug":"sakristeischrank","status":"publish","type":"post","link":"https:\/\/www.mariazell-wienerwald.at\/en\/sakristeischrank\/","title":{"rendered":"Schatzkammer Hafnerberg: Sakristeischrank ist heimgekehrt!"},"content":{"rendered":"<p><img fetchpriority=\"high\" decoding=\"async\" class=\"wp-image-4174\" src=\"https:\/\/www.mariazell-wienerwald.at\/wp-content\/uploads\/2021\/05\/IMG_20210511_144726-300x169.jpg\" alt=\"\" width=\"1025\" height=\"577\" srcset=\"https:\/\/www.mariazell-wienerwald.at\/wp-content\/uploads\/2021\/05\/IMG_20210511_144726-300x169.jpg 300w, https:\/\/www.mariazell-wienerwald.at\/wp-content\/uploads\/2021\/05\/IMG_20210511_144726-16x9.jpg 16w, https:\/\/www.mariazell-wienerwald.at\/wp-content\/uploads\/2021\/05\/IMG_20210511_144726-600x339.jpg 600w\" sizes=\"(max-width: 1025px) 100vw, 1025px\" \/><\/p>\n<p>Nach einer jahrzehntelangen Odyssee durch verschiedene Lager und Abstellr\u00e4ume ist es gelungen, das Prunkst\u00fcck der k\u00fcnftigen Schatzkammer der Wallfahrtskirche Hafnerberg, durch fachkundige Restaurierung im Atelier Mag.a. Petra Gr\u00f6ger wieder in altem Glanz erstrahlen zu lassen.<\/p>\n<p>Mit der Restaurierung war jedoch der schwierigste und heikelste Teil noch nicht abgeschlossen. Der Schrank &#8211; \u00fcbrigens ein Geschenk des Kirchenstifters Adam Petras aus dem Jahr 1736 &#8211; sollte auch auf den Hafnerberg heimkehren und im Obergescho\u00df der Schatzkammer eine neue Bleibe erhalten. Das Problem dabei war jedoch der Umstand, dass der Schrank nicht zerlegt werden konnte und in zwei gro\u00dfen St\u00fccken (Unterbau und Aufsatz) von au\u00dfen durch eines der beiden Fenster regelrecht gef\u00e4delt werden musste.<\/p>\n<p><iframe title=\"YouTube video player\" src=\"https:\/\/www.youtube.com\/embed\/NkNO3CdeNPY\" width=\"400\" height=\"500\" frameborder=\"0\" allowfullscreen=\"allowfullscreen\"><\/iframe><\/p>\n<p>Durch intensive Zusammenarbeit aller konnte der Schrank am 11. Mai 2021 mittels Kran durchs Fenster gehoben werden und fachgerecht in seine endg\u00fcltige Position gebracht werden, was wiederum nicht so einfach war, da seine Breite fast genau jener Mauerweite entspricht, in die er platziert werden sollte. In Millimeter-Arbeit gelang das Wunderwerk schlie\u00dflich und so k\u00f6nnen die weiteren Arbeiten an der Schatzkammer aufgenommen werden. Wir halten Sie \u00fcber deren Fortgang auf dem Laufenden!<\/p>\n<p><em><strong><img decoding=\"async\" class=\"alignright wp-image-4130 size-medium\" src=\"https:\/\/www.mariazell-wienerwald.at\/wp-content\/uploads\/2021\/05\/Stifterprospekt_Titel-300x240.jpg\" alt=\"\" width=\"300\" height=\"240\" srcset=\"https:\/\/www.mariazell-wienerwald.at\/wp-content\/uploads\/2021\/05\/Stifterprospekt_Titel-300x240.jpg 300w, https:\/\/www.mariazell-wienerwald.at\/wp-content\/uploads\/2021\/05\/Stifterprospekt_Titel-768x615.jpg 768w, https:\/\/www.mariazell-wienerwald.at\/wp-content\/uploads\/2021\/05\/Stifterprospekt_Titel-16x12.jpg 16w, https:\/\/www.mariazell-wienerwald.at\/wp-content\/uploads\/2021\/05\/Stifterprospekt_Titel-600x480.jpg 600w, https:\/\/www.mariazell-wienerwald.at\/wp-content\/uploads\/2021\/05\/Stifterprospekt_Titel.jpg 893w\" sizes=\"(max-width: 300px) 100vw, 300px\" \/><\/strong><\/em><\/p>\n<h2><\/h2>\n<h2><em><strong>\u00dcbrigens&#8230;<\/strong><\/em><\/h2>\n<p>&#8230;wenn Sie dieses Projekt &#8211; wie im 18. Jh. bereits die Familie Petras &#8211; als Stifter\/Stifterin unterst\u00fctzen m\u00f6chten, dann finden Sie <strong><a href=\"https:\/\/www.mariazell-wienerwald.at\/wp-content\/uploads\/2021\/05\/Schatzkammer_Stifterprosopekt_kombiniert.pdf\" target=\"_blank\" rel=\"noopener\">hier n\u00e4here Informationen<\/a><\/strong> bzw. k\u00f6nnen sich <a href=\"https:\/\/www.mariazell-wienerwald.at\/en\/unterstuetzen-sie-uns\/mitglied\/\" target=\"_blank\" rel=\"noopener\">gleich online oder per Telefon<\/a> (0660 \/ 762 16 57) anmelden. Ihr Beitrag ist steuerlich absetzbar, \u00fcber n\u00e4here Details informieren wir Sie gerne!<\/p>\n<h3><a href=\"https:\/\/www.mariazell-wienerwald.at\/en\/projekte\/hafnerberg-schatzkammer\/\" target=\"_blank\" rel=\"noopener\">N\u00e4here Infos zum Schatzkammer-Projekt<\/a><\/h3>\n<p>&nbsp;<\/p>\n<h2>Bildergalerie<\/h2>\n<p>&nbsp;<\/p>\n<div id='gallery-1' class='gallery galleryid-4124 gallery-columns-3 gallery-size-thumbnail'><figure class='gallery-item'>\n\t\t\t<div class='gallery-icon portrait'>\n\t\t\t\t<a href='https:\/\/www.mariazell-wienerwald.at\/en\/sakristeischrank\/cof\/'><img decoding=\"async\" width=\"150\" height=\"150\" src=\"https:\/\/www.mariazell-wienerwald.at\/wp-content\/uploads\/2021\/05\/IMG_20210511_083950_1-150x150.jpg\" class=\"attachment-thumbnail size-thumbnail\" alt=\"\" aria-describedby=\"gallery-1-4158\" srcset=\"https:\/\/www.mariazell-wienerwald.at\/wp-content\/uploads\/2021\/05\/IMG_20210511_083950_1-150x150.jpg 150w, https:\/\/www.mariazell-wienerwald.at\/wp-content\/uploads\/2021\/05\/IMG_20210511_083950_1-500x500.jpg 500w, https:\/\/www.mariazell-wienerwald.at\/wp-content\/uploads\/2021\/05\/IMG_20210511_083950_1-300x300.jpg 300w, https:\/\/www.mariazell-wienerwald.at\/wp-content\/uploads\/2021\/05\/IMG_20210511_083950_1-100x100.jpg 100w\" sizes=\"(max-width: 150px) 100vw, 150px\" \/><\/a>\n\t\t\t<\/div>\n\t\t\t\t<figcaption class='wp-caption-text gallery-caption' id='gallery-1-4158'>\n\t\t\t\tDer Schrank wird mit Spannung&#8230;\n\t\t\t\t<\/figcaption><\/figure><figure class='gallery-item'>\n\t\t\t<div class='gallery-icon landscape'>\n\t\t\t\t<a href='https:\/\/www.mariazell-wienerwald.at\/en\/sakristeischrank\/sdr\/'><img loading=\"lazy\" decoding=\"async\" width=\"150\" height=\"150\" src=\"https:\/\/www.mariazell-wienerwald.at\/wp-content\/uploads\/2021\/05\/IMG_20210511_092831-150x150.jpg\" class=\"attachment-thumbnail size-thumbnail\" alt=\"\" aria-describedby=\"gallery-1-4159\" srcset=\"https:\/\/www.mariazell-wienerwald.at\/wp-content\/uploads\/2021\/05\/IMG_20210511_092831-150x150.jpg 150w, https:\/\/www.mariazell-wienerwald.at\/wp-content\/uploads\/2021\/05\/IMG_20210511_092831-500x500.jpg 500w, https:\/\/www.mariazell-wienerwald.at\/wp-content\/uploads\/2021\/05\/IMG_20210511_092831-300x300.jpg 300w, https:\/\/www.mariazell-wienerwald.at\/wp-content\/uploads\/2021\/05\/IMG_20210511_092831-100x100.jpg 100w\" sizes=\"(max-width: 150px) 100vw, 150px\" \/><\/a>\n\t\t\t<\/div>\n\t\t\t\t<figcaption class='wp-caption-text gallery-caption' id='gallery-1-4159'>\n\t\t\t\t&#8230; erwartet\n\t\t\t\t<\/figcaption><\/figure><figure class='gallery-item'>\n\t\t\t<div class='gallery-icon landscape'>\n\t\t\t\t<a href='https:\/\/www.mariazell-wienerwald.at\/en\/sakristeischrank\/sdr-3\/'><img loading=\"lazy\" decoding=\"async\" width=\"150\" height=\"150\" src=\"https:\/\/www.mariazell-wienerwald.at\/wp-content\/uploads\/2021\/05\/IMG_20210511_100135-150x150.jpg\" class=\"attachment-thumbnail size-thumbnail\" alt=\"\" aria-describedby=\"gallery-1-4161\" srcset=\"https:\/\/www.mariazell-wienerwald.at\/wp-content\/uploads\/2021\/05\/IMG_20210511_100135-150x150.jpg 150w, https:\/\/www.mariazell-wienerwald.at\/wp-content\/uploads\/2021\/05\/IMG_20210511_100135-500x500.jpg 500w, https:\/\/www.mariazell-wienerwald.at\/wp-content\/uploads\/2021\/05\/IMG_20210511_100135-300x300.jpg 300w, https:\/\/www.mariazell-wienerwald.at\/wp-content\/uploads\/2021\/05\/IMG_20210511_100135-100x100.jpg 100w\" sizes=\"(max-width: 150px) 100vw, 150px\" \/><\/a>\n\t\t\t<\/div>\n\t\t\t\t<figcaption class='wp-caption-text gallery-caption' id='gallery-1-4161'>\n\t\t\t\tDer Unterschrank wird zuerst hochgehoben &#8230;\n\t\t\t\t<\/figcaption><\/figure><figure class='gallery-item'>\n\t\t\t<div class='gallery-icon portrait'>\n\t\t\t\t<a href='https:\/\/www.mariazell-wienerwald.at\/en\/sakristeischrank\/sdr-2\/'><img loading=\"lazy\" decoding=\"async\" width=\"150\" height=\"150\" src=\"https:\/\/www.mariazell-wienerwald.at\/wp-content\/uploads\/2021\/05\/IMG_20210511_095129-150x150.jpg\" class=\"attachment-thumbnail size-thumbnail\" alt=\"\" aria-describedby=\"gallery-1-4160\" srcset=\"https:\/\/www.mariazell-wienerwald.at\/wp-content\/uploads\/2021\/05\/IMG_20210511_095129-150x150.jpg 150w, https:\/\/www.mariazell-wienerwald.at\/wp-content\/uploads\/2021\/05\/IMG_20210511_095129-500x500.jpg 500w, https:\/\/www.mariazell-wienerwald.at\/wp-content\/uploads\/2021\/05\/IMG_20210511_095129-300x300.jpg 300w, https:\/\/www.mariazell-wienerwald.at\/wp-content\/uploads\/2021\/05\/IMG_20210511_095129-100x100.jpg 100w\" sizes=\"(max-width: 150px) 100vw, 150px\" \/><\/a>\n\t\t\t<\/div>\n\t\t\t\t<figcaption class='wp-caption-text gallery-caption' id='gallery-1-4160'>\n\t\t\t\t&#8230; und durchs Fenster &#8230;\n\t\t\t\t<\/figcaption><\/figure><figure class='gallery-item'>\n\t\t\t<div class='gallery-icon landscape'>\n\t\t\t\t<a href='https:\/\/www.mariazell-wienerwald.at\/en\/sakristeischrank\/sdr-4\/'><img loading=\"lazy\" decoding=\"async\" width=\"150\" height=\"150\" src=\"https:\/\/www.mariazell-wienerwald.at\/wp-content\/uploads\/2021\/05\/IMG_20210511_100410-150x150.jpg\" class=\"attachment-thumbnail size-thumbnail\" alt=\"\" aria-describedby=\"gallery-1-4162\" srcset=\"https:\/\/www.mariazell-wienerwald.at\/wp-content\/uploads\/2021\/05\/IMG_20210511_100410-150x150.jpg 150w, https:\/\/www.mariazell-wienerwald.at\/wp-content\/uploads\/2021\/05\/IMG_20210511_100410-500x500.jpg 500w, https:\/\/www.mariazell-wienerwald.at\/wp-content\/uploads\/2021\/05\/IMG_20210511_100410-300x300.jpg 300w, https:\/\/www.mariazell-wienerwald.at\/wp-content\/uploads\/2021\/05\/IMG_20210511_100410-100x100.jpg 100w\" sizes=\"(max-width: 150px) 100vw, 150px\" \/><\/a>\n\t\t\t<\/div>\n\t\t\t\t<figcaption class='wp-caption-text gallery-caption' id='gallery-1-4162'>\n\t\t\t\t&#8230; gef\u00e4delt\n\t\t\t\t<\/figcaption><\/figure><figure class='gallery-item'>\n\t\t\t<div class='gallery-icon landscape'>\n\t\t\t\t<a href='https:\/\/www.mariazell-wienerwald.at\/en\/sakristeischrank\/dav\/'><img loading=\"lazy\" decoding=\"async\" width=\"150\" height=\"150\" src=\"https:\/\/www.mariazell-wienerwald.at\/wp-content\/uploads\/2021\/05\/IMG_20210511_103643-150x150.jpg\" class=\"attachment-thumbnail size-thumbnail\" alt=\"\" aria-describedby=\"gallery-1-4163\" srcset=\"https:\/\/www.mariazell-wienerwald.at\/wp-content\/uploads\/2021\/05\/IMG_20210511_103643-150x150.jpg 150w, https:\/\/www.mariazell-wienerwald.at\/wp-content\/uploads\/2021\/05\/IMG_20210511_103643-500x500.jpg 500w, https:\/\/www.mariazell-wienerwald.at\/wp-content\/uploads\/2021\/05\/IMG_20210511_103643-300x300.jpg 300w, https:\/\/www.mariazell-wienerwald.at\/wp-content\/uploads\/2021\/05\/IMG_20210511_103643-100x100.jpg 100w\" sizes=\"(max-width: 150px) 100vw, 150px\" \/><\/a>\n\t\t\t<\/div>\n\t\t\t\t<figcaption class='wp-caption-text gallery-caption' id='gallery-1-4163'>\n\t\t\t\tDer Aufsatz &#8230;\n\t\t\t\t<\/figcaption><\/figure><figure class='gallery-item'>\n\t\t\t<div class='gallery-icon portrait'>\n\t\t\t\t<a href='https:\/\/www.mariazell-wienerwald.at\/en\/sakristeischrank\/dav-2\/'><img loading=\"lazy\" decoding=\"async\" width=\"150\" height=\"150\" src=\"https:\/\/www.mariazell-wienerwald.at\/wp-content\/uploads\/2021\/05\/IMG_20210511_104024-150x150.jpg\" class=\"attachment-thumbnail size-thumbnail\" alt=\"\" aria-describedby=\"gallery-1-4164\" srcset=\"https:\/\/www.mariazell-wienerwald.at\/wp-content\/uploads\/2021\/05\/IMG_20210511_104024-150x150.jpg 150w, https:\/\/www.mariazell-wienerwald.at\/wp-content\/uploads\/2021\/05\/IMG_20210511_104024-500x500.jpg 500w, https:\/\/www.mariazell-wienerwald.at\/wp-content\/uploads\/2021\/05\/IMG_20210511_104024-300x300.jpg 300w, https:\/\/www.mariazell-wienerwald.at\/wp-content\/uploads\/2021\/05\/IMG_20210511_104024-100x100.jpg 100w\" sizes=\"(max-width: 150px) 100vw, 150px\" \/><\/a>\n\t\t\t<\/div>\n\t\t\t\t<figcaption class='wp-caption-text gallery-caption' id='gallery-1-4164'>\n\t\t\t\t&#8230;kommt als n\u00e4chstes &#8230;\n\t\t\t\t<\/figcaption><\/figure><figure class='gallery-item'>\n\t\t\t<div class='gallery-icon landscape'>\n\t\t\t\t<a href='https:\/\/www.mariazell-wienerwald.at\/en\/sakristeischrank\/sdr-5\/'><img loading=\"lazy\" decoding=\"async\" width=\"150\" height=\"150\" src=\"https:\/\/www.mariazell-wienerwald.at\/wp-content\/uploads\/2021\/05\/IMG_20210511_104127-150x150.jpg\" class=\"attachment-thumbnail size-thumbnail\" alt=\"\" aria-describedby=\"gallery-1-4165\" srcset=\"https:\/\/www.mariazell-wienerwald.at\/wp-content\/uploads\/2021\/05\/IMG_20210511_104127-150x150.jpg 150w, https:\/\/www.mariazell-wienerwald.at\/wp-content\/uploads\/2021\/05\/IMG_20210511_104127-500x500.jpg 500w, https:\/\/www.mariazell-wienerwald.at\/wp-content\/uploads\/2021\/05\/IMG_20210511_104127-300x300.jpg 300w, https:\/\/www.mariazell-wienerwald.at\/wp-content\/uploads\/2021\/05\/IMG_20210511_104127-100x100.jpg 100w\" sizes=\"(max-width: 150px) 100vw, 150px\" \/><\/a>\n\t\t\t<\/div>\n\t\t\t\t<figcaption class='wp-caption-text gallery-caption' id='gallery-1-4165'>\n\t\t\t\tDurch Millimeterarbeit..\n\t\t\t\t<\/figcaption><\/figure><figure class='gallery-item'>\n\t\t\t<div class='gallery-icon landscape'>\n\t\t\t\t<a href='https:\/\/www.mariazell-wienerwald.at\/en\/sakristeischrank\/cof-4\/'><img loading=\"lazy\" decoding=\"async\" width=\"150\" height=\"150\" src=\"https:\/\/www.mariazell-wienerwald.at\/wp-content\/uploads\/2021\/05\/IMG_20210511_113835-150x150.jpg\" class=\"attachment-thumbnail size-thumbnail\" alt=\"\" aria-describedby=\"gallery-1-4168\" srcset=\"https:\/\/www.mariazell-wienerwald.at\/wp-content\/uploads\/2021\/05\/IMG_20210511_113835-150x150.jpg 150w, https:\/\/www.mariazell-wienerwald.at\/wp-content\/uploads\/2021\/05\/IMG_20210511_113835-500x500.jpg 500w, https:\/\/www.mariazell-wienerwald.at\/wp-content\/uploads\/2021\/05\/IMG_20210511_113835-300x300.jpg 300w, https:\/\/www.mariazell-wienerwald.at\/wp-content\/uploads\/2021\/05\/IMG_20210511_113835-100x100.jpg 100w\" sizes=\"(max-width: 150px) 100vw, 150px\" \/><\/a>\n\t\t\t<\/div>\n\t\t\t\t<figcaption class='wp-caption-text gallery-caption' id='gallery-1-4168'>\n\t\t\t\t&#8230; gelangt er durchs Fenster\n\t\t\t\t<\/figcaption><\/figure><figure class='gallery-item'>\n\t\t\t<div class='gallery-icon landscape'>\n\t\t\t\t<a href='https:\/\/www.mariazell-wienerwald.at\/en\/sakristeischrank\/cof-3\/'><img loading=\"lazy\" decoding=\"async\" width=\"150\" height=\"150\" src=\"https:\/\/www.mariazell-wienerwald.at\/wp-content\/uploads\/2021\/05\/IMG_20210511_104714-150x150.jpg\" class=\"attachment-thumbnail size-thumbnail\" alt=\"\" aria-describedby=\"gallery-1-4167\" srcset=\"https:\/\/www.mariazell-wienerwald.at\/wp-content\/uploads\/2021\/05\/IMG_20210511_104714-150x150.jpg 150w, https:\/\/www.mariazell-wienerwald.at\/wp-content\/uploads\/2021\/05\/IMG_20210511_104714-500x500.jpg 500w, https:\/\/www.mariazell-wienerwald.at\/wp-content\/uploads\/2021\/05\/IMG_20210511_104714-300x300.jpg 300w, https:\/\/www.mariazell-wienerwald.at\/wp-content\/uploads\/2021\/05\/IMG_20210511_104714-100x100.jpg 100w\" sizes=\"(max-width: 150px) 100vw, 150px\" \/><\/a>\n\t\t\t<\/div>\n\t\t\t\t<figcaption class='wp-caption-text gallery-caption' id='gallery-1-4167'>\n\t\t\t\tGott sei Dank: der Unterschrank passt in die Mauerweite&#8230;\n\t\t\t\t<\/figcaption><\/figure><figure class='gallery-item'>\n\t\t\t<div class='gallery-icon landscape'>\n\t\t\t\t<a href='https:\/\/www.mariazell-wienerwald.at\/en\/sakristeischrank\/cof-5\/'><img loading=\"lazy\" decoding=\"async\" width=\"150\" height=\"150\" src=\"https:\/\/www.mariazell-wienerwald.at\/wp-content\/uploads\/2021\/05\/IMG_20210511_123302-150x150.jpg\" class=\"attachment-thumbnail size-thumbnail\" alt=\"\" aria-describedby=\"gallery-1-4169\" srcset=\"https:\/\/www.mariazell-wienerwald.at\/wp-content\/uploads\/2021\/05\/IMG_20210511_123302-150x150.jpg 150w, https:\/\/www.mariazell-wienerwald.at\/wp-content\/uploads\/2021\/05\/IMG_20210511_123302-500x500.jpg 500w, https:\/\/www.mariazell-wienerwald.at\/wp-content\/uploads\/2021\/05\/IMG_20210511_123302-300x300.jpg 300w, https:\/\/www.mariazell-wienerwald.at\/wp-content\/uploads\/2021\/05\/IMG_20210511_123302-100x100.jpg 100w\" sizes=\"(max-width: 150px) 100vw, 150px\" \/><\/a>\n\t\t\t<\/div>\n\t\t\t\t<figcaption class='wp-caption-text gallery-caption' id='gallery-1-4169'>\n\t\t\t\t&#8230; der Aufsatz auch (huch!)\n\t\t\t\t<\/figcaption><\/figure><figure class='gallery-item'>\n\t\t\t<div class='gallery-icon landscape'>\n\t\t\t\t<a href='https:\/\/www.mariazell-wienerwald.at\/en\/sakristeischrank\/cof-7\/'><img loading=\"lazy\" decoding=\"async\" width=\"150\" height=\"150\" src=\"https:\/\/www.mariazell-wienerwald.at\/wp-content\/uploads\/2021\/05\/IMG_20210511_142031-150x150.jpg\" class=\"attachment-thumbnail size-thumbnail\" alt=\"\" aria-describedby=\"gallery-1-4171\" srcset=\"https:\/\/www.mariazell-wienerwald.at\/wp-content\/uploads\/2021\/05\/IMG_20210511_142031-150x150.jpg 150w, https:\/\/www.mariazell-wienerwald.at\/wp-content\/uploads\/2021\/05\/IMG_20210511_142031-500x500.jpg 500w, https:\/\/www.mariazell-wienerwald.at\/wp-content\/uploads\/2021\/05\/IMG_20210511_142031-300x300.jpg 300w, https:\/\/www.mariazell-wienerwald.at\/wp-content\/uploads\/2021\/05\/IMG_20210511_142031-100x100.jpg 100w\" sizes=\"(max-width: 150px) 100vw, 150px\" \/><\/a>\n\t\t\t<\/div>\n\t\t\t\t<figcaption class='wp-caption-text gallery-caption' id='gallery-1-4171'>\n\t\t\t\tJetzt wird adjustiert &#8230;\n\t\t\t\t<\/figcaption><\/figure><figure class='gallery-item'>\n\t\t\t<div class='gallery-icon landscape'>\n\t\t\t\t<a href='https:\/\/www.mariazell-wienerwald.at\/en\/sakristeischrank\/cof-6\/'><img loading=\"lazy\" decoding=\"async\" width=\"150\" height=\"150\" src=\"https:\/\/www.mariazell-wienerwald.at\/wp-content\/uploads\/2021\/05\/IMG_20210511_140905-150x150.jpg\" class=\"attachment-thumbnail size-thumbnail\" alt=\"\" aria-describedby=\"gallery-1-4170\" srcset=\"https:\/\/www.mariazell-wienerwald.at\/wp-content\/uploads\/2021\/05\/IMG_20210511_140905-150x150.jpg 150w, https:\/\/www.mariazell-wienerwald.at\/wp-content\/uploads\/2021\/05\/IMG_20210511_140905-500x500.jpg 500w, https:\/\/www.mariazell-wienerwald.at\/wp-content\/uploads\/2021\/05\/IMG_20210511_140905-300x300.jpg 300w, https:\/\/www.mariazell-wienerwald.at\/wp-content\/uploads\/2021\/05\/IMG_20210511_140905-100x100.jpg 100w\" sizes=\"(max-width: 150px) 100vw, 150px\" \/><\/a>\n\t\t\t<\/div>\n\t\t\t\t<figcaption class='wp-caption-text gallery-caption' id='gallery-1-4170'>\n\t\t\t\t&#8230; und eingerichtet\n\t\t\t\t<\/figcaption><\/figure><figure class='gallery-item'>\n\t\t\t<div class='gallery-icon portrait'>\n\t\t\t\t<a href='https:\/\/www.mariazell-wienerwald.at\/en\/sakristeischrank\/cof-8\/'><img loading=\"lazy\" decoding=\"async\" width=\"150\" height=\"150\" src=\"https:\/\/www.mariazell-wienerwald.at\/wp-content\/uploads\/2021\/05\/IMG_20210511_142046-150x150.jpg\" class=\"attachment-thumbnail size-thumbnail\" alt=\"\" aria-describedby=\"gallery-1-4172\" srcset=\"https:\/\/www.mariazell-wienerwald.at\/wp-content\/uploads\/2021\/05\/IMG_20210511_142046-150x150.jpg 150w, https:\/\/www.mariazell-wienerwald.at\/wp-content\/uploads\/2021\/05\/IMG_20210511_142046-500x500.jpg 500w, https:\/\/www.mariazell-wienerwald.at\/wp-content\/uploads\/2021\/05\/IMG_20210511_142046-300x300.jpg 300w, https:\/\/www.mariazell-wienerwald.at\/wp-content\/uploads\/2021\/05\/IMG_20210511_142046-100x100.jpg 100w\" sizes=\"(max-width: 150px) 100vw, 150px\" \/><\/a>\n\t\t\t<\/div>\n\t\t\t\t<figcaption class='wp-caption-text gallery-caption' id='gallery-1-4172'>\n\t\t\t\tDie barocke Pracht aus dem jahr 1736&#8230;\n\t\t\t\t<\/figcaption><\/figure><figure class='gallery-item'>\n\t\t\t<div class='gallery-icon landscape'>\n\t\t\t\t<a href='https:\/\/www.mariazell-wienerwald.at\/en\/sakristeischrank\/dav-4\/'><img loading=\"lazy\" decoding=\"async\" width=\"150\" height=\"150\" src=\"https:\/\/www.mariazell-wienerwald.at\/wp-content\/uploads\/2021\/05\/IMG_20210511_144726-150x150.jpg\" class=\"attachment-thumbnail size-thumbnail\" alt=\"\" aria-describedby=\"gallery-1-4174\" srcset=\"https:\/\/www.mariazell-wienerwald.at\/wp-content\/uploads\/2021\/05\/IMG_20210511_144726-150x150.jpg 150w, https:\/\/www.mariazell-wienerwald.at\/wp-content\/uploads\/2021\/05\/IMG_20210511_144726-500x500.jpg 500w, https:\/\/www.mariazell-wienerwald.at\/wp-content\/uploads\/2021\/05\/IMG_20210511_144726-300x300.jpg 300w, https:\/\/www.mariazell-wienerwald.at\/wp-content\/uploads\/2021\/05\/IMG_20210511_144726-100x100.jpg 100w\" sizes=\"(max-width: 150px) 100vw, 150px\" \/><\/a>\n\t\t\t<\/div>\n\t\t\t\t<figcaption class='wp-caption-text gallery-caption' id='gallery-1-4174'>\n\t\t\t\t&#8230; ist endlich heimgekehrt!\n\t\t\t\t<\/figcaption><\/figure>\n\t\t<\/div>\n\n<p>&nbsp;<\/p>\n<p>&nbsp;<\/p>\n<p>&nbsp;<\/p>","protected":false},"excerpt":{"rendered":"<p>Nach einer jahrzehntelangen Odyssee durch verschiedene Lager und Abstellr\u00e4ume ist es gelungen, das Prunkst\u00fcck der k\u00fcnftigen Schatzkammer der Wallfahrtskirche Hafnerberg, durch fachkundige Restaurierung im Atelier Mag.a. Petra Gr\u00f6ger wieder in altem Glanz erstrahlen zu lassen. Mit der Restaurierung war jedoch der schwierigste und heikelste Teil noch nicht abgeschlossen. Der Schrank &#8211; \u00fcbrigens ein Geschenk des [&hellip;]<\/p>","protected":false},"author":3,"featured_media":0,"comment_status":"open","ping_status":"open","sticky":false,"template":"","format":"standard","meta":{"_acf_changed":false,"footnotes":""},"categories":[1],"tags":[],"class_list":["post-4124","post","type-post","status-publish","format-standard","hentry","category-allgemein"],"acf":[],"yoast_head":"<!-- This site is optimized with the Yoast SEO plugin v23.1 - https:\/\/yoast.com\/wordpress\/plugins\/seo\/ -->\n<title>Schatzkammer Hafnerberg: Sakristeischrank ist heimgekehrt! - Mariazell im Wienerwald<\/title>\n<meta name=\"robots\" content=\"index, follow, max-snippet:-1, max-image-preview:large, max-video-preview:-1\" \/>\n<link rel=\"canonical\" href=\"https:\/\/www.mariazell-wienerwald.at\/en\/sakristeischrank\/\" \/>\n<meta property=\"og:locale\" content=\"en_US\" \/>\n<meta property=\"og:type\" content=\"article\" \/>\n<meta property=\"og:title\" content=\"Schatzkammer Hafnerberg: Sakristeischrank ist heimgekehrt! - Mariazell im Wienerwald\" \/>\n<meta property=\"og:description\" content=\"Nach einer jahrzehntelangen Odyssee durch verschiedene Lager und Abstellr\u00e4ume ist es gelungen, das Prunkst\u00fcck der k\u00fcnftigen Schatzkammer der Wallfahrtskirche Hafnerberg, durch fachkundige Restaurierung im Atelier Mag.a. Petra Gr\u00f6ger wieder in altem Glanz erstrahlen zu lassen. Mit der Restaurierung war jedoch der schwierigste und heikelste Teil noch nicht abgeschlossen. Der Schrank &#8211; \u00fcbrigens ein Geschenk des [&hellip;]\" \/>\n<meta property=\"og:url\" content=\"https:\/\/www.mariazell-wienerwald.at\/en\/sakristeischrank\/\" \/>\n<meta property=\"og:site_name\" content=\"Mariazell im Wienerwald\" \/>\n<meta property=\"article:published_time\" content=\"2021-05-12T14:32:17+00:00\" \/>\n<meta property=\"article:modified_time\" content=\"2021-06-07T09:01:37+00:00\" \/>\n<meta property=\"og:image\" content=\"https:\/\/www.mariazell-wienerwald.at\/wp-content\/uploads\/2021\/05\/IMG_20210511_083950_1-150x150.jpg\" \/>\n<meta name=\"author\" content=\"Thomas Aigner\" \/>\n<meta name=\"twitter:card\" content=\"summary_large_image\" \/>\n<meta name=\"twitter:label1\" content=\"Written by\" \/>\n\t<meta name=\"twitter:data1\" content=\"Thomas Aigner\" \/>\n\t<meta name=\"twitter:label2\" content=\"Est. reading time\" \/>\n\t<meta name=\"twitter:data2\" content=\"2 minutes\" \/>\n<script type=\"application\/ld+json\" class=\"yoast-schema-graph\">{\"@context\":\"https:\/\/schema.org\",\"@graph\":[{\"@type\":\"WebPage\",\"@id\":\"https:\/\/www.mariazell-wienerwald.at\/sakristeischrank\/\",\"url\":\"https:\/\/www.mariazell-wienerwald.at\/sakristeischrank\/\",\"name\":\"Schatzkammer Hafnerberg: Sakristeischrank ist heimgekehrt! - Mariazell im Wienerwald\",\"isPartOf\":{\"@id\":\"https:\/\/www.mariazell-wienerwald.at\/#website\"},\"primaryImageOfPage\":{\"@id\":\"https:\/\/www.mariazell-wienerwald.at\/sakristeischrank\/#primaryimage\"},\"image\":{\"@id\":\"https:\/\/www.mariazell-wienerwald.at\/sakristeischrank\/#primaryimage\"},\"thumbnailUrl\":\"https:\/\/www.mariazell-wienerwald.at\/wp-content\/uploads\/2021\/05\/IMG_20210511_144726-300x169.jpg\",\"datePublished\":\"2021-05-12T14:32:17+00:00\",\"dateModified\":\"2021-06-07T09:01:37+00:00\",\"author\":{\"@id\":\"https:\/\/www.mariazell-wienerwald.at\/#\/schema\/person\/8aa8609a154a15cf2e659bc8d1b8cc68\"},\"breadcrumb\":{\"@id\":\"https:\/\/www.mariazell-wienerwald.at\/sakristeischrank\/#breadcrumb\"},\"inLanguage\":\"en-US\",\"potentialAction\":[{\"@type\":\"ReadAction\",\"target\":[\"https:\/\/www.mariazell-wienerwald.at\/sakristeischrank\/\"]}]},{\"@type\":\"ImageObject\",\"inLanguage\":\"en-US\",\"@id\":\"https:\/\/www.mariazell-wienerwald.at\/sakristeischrank\/#primaryimage\",\"url\":\"https:\/\/www.mariazell-wienerwald.at\/wp-content\/uploads\/2021\/05\/IMG_20210511_144726-300x169.jpg\",\"contentUrl\":\"https:\/\/www.mariazell-wienerwald.at\/wp-content\/uploads\/2021\/05\/IMG_20210511_144726-300x169.jpg\"},{\"@type\":\"BreadcrumbList\",\"@id\":\"https:\/\/www.mariazell-wienerwald.at\/sakristeischrank\/#breadcrumb\",\"itemListElement\":[{\"@type\":\"ListItem\",\"position\":1,\"name\":\"Startseite\",\"item\":\"https:\/\/www.mariazell-wienerwald.at\/\"},{\"@type\":\"ListItem\",\"position\":2,\"name\":\"Schatzkammer Hafnerberg: Sakristeischrank ist heimgekehrt!\"}]},{\"@type\":\"WebSite\",\"@id\":\"https:\/\/www.mariazell-wienerwald.at\/#website\",\"url\":\"https:\/\/www.mariazell-wienerwald.at\/\",\"name\":\"Mariazell im Wienerwald\",\"description\":\"\",\"potentialAction\":[{\"@type\":\"SearchAction\",\"target\":{\"@type\":\"EntryPoint\",\"urlTemplate\":\"https:\/\/www.mariazell-wienerwald.at\/?s={search_term_string}\"},\"query-input\":\"required name=search_term_string\"}],\"inLanguage\":\"en-US\"},{\"@type\":\"Person\",\"@id\":\"https:\/\/www.mariazell-wienerwald.at\/#\/schema\/person\/8aa8609a154a15cf2e659bc8d1b8cc68\",\"name\":\"Thomas Aigner\",\"image\":{\"@type\":\"ImageObject\",\"inLanguage\":\"en-US\",\"@id\":\"https:\/\/www.mariazell-wienerwald.at\/#\/schema\/person\/image\/\",\"url\":\"https:\/\/secure.gravatar.com\/avatar\/3036fba9b4bba76d18c9c1c1a271e447?s=96&d=mm&r=g\",\"contentUrl\":\"https:\/\/secure.gravatar.com\/avatar\/3036fba9b4bba76d18c9c1c1a271e447?s=96&d=mm&r=g\",\"caption\":\"Thomas Aigner\"},\"url\":\"https:\/\/www.mariazell-wienerwald.at\/en\/author\/thomas-aigner\/\"}]}<\/script>\n<!-- \/ Yoast SEO plugin. -->","yoast_head_json":{"title":"Schatzkammer Hafnerberg: Sakristeischrank ist heimgekehrt! - Mariazell im Wienerwald","robots":{"index":"index","follow":"follow","max-snippet":"max-snippet:-1","max-image-preview":"max-image-preview:large","max-video-preview":"max-video-preview:-1"},"canonical":"https:\/\/www.mariazell-wienerwald.at\/en\/sakristeischrank\/","og_locale":"en_US","og_type":"article","og_title":"Schatzkammer Hafnerberg: Sakristeischrank ist heimgekehrt! - Mariazell im Wienerwald","og_description":"Nach einer jahrzehntelangen Odyssee durch verschiedene Lager und Abstellr\u00e4ume ist es gelungen, das Prunkst\u00fcck der k\u00fcnftigen Schatzkammer der Wallfahrtskirche Hafnerberg, durch fachkundige Restaurierung im Atelier Mag.a. Petra Gr\u00f6ger wieder in altem Glanz erstrahlen zu lassen. Mit der Restaurierung war jedoch der schwierigste und heikelste Teil noch nicht abgeschlossen. Der Schrank &#8211; \u00fcbrigens ein Geschenk des [&hellip;]","og_url":"https:\/\/www.mariazell-wienerwald.at\/en\/sakristeischrank\/","og_site_name":"Mariazell im Wienerwald","article_published_time":"2021-05-12T14:32:17+00:00","article_modified_time":"2021-06-07T09:01:37+00:00","og_image":[{"url":"https:\/\/www.mariazell-wienerwald.at\/wp-content\/uploads\/2021\/05\/IMG_20210511_083950_1-150x150.jpg"}],"author":"Thomas Aigner","twitter_card":"summary_large_image","twitter_misc":{"Written by":"Thomas Aigner","Est. reading time":"2 minutes"},"schema":{"@context":"https:\/\/schema.org","@graph":[{"@type":"WebPage","@id":"https:\/\/www.mariazell-wienerwald.at\/sakristeischrank\/","url":"https:\/\/www.mariazell-wienerwald.at\/sakristeischrank\/","name":"Schatzkammer Hafnerberg: Sakristeischrank ist heimgekehrt! - Mariazell im Wienerwald","isPartOf":{"@id":"https:\/\/www.mariazell-wienerwald.at\/#website"},"primaryImageOfPage":{"@id":"https:\/\/www.mariazell-wienerwald.at\/sakristeischrank\/#primaryimage"},"image":{"@id":"https:\/\/www.mariazell-wienerwald.at\/sakristeischrank\/#primaryimage"},"thumbnailUrl":"https:\/\/www.mariazell-wienerwald.at\/wp-content\/uploads\/2021\/05\/IMG_20210511_144726-300x169.jpg","datePublished":"2021-05-12T14:32:17+00:00","dateModified":"2021-06-07T09:01:37+00:00","author":{"@id":"https:\/\/www.mariazell-wienerwald.at\/#\/schema\/person\/8aa8609a154a15cf2e659bc8d1b8cc68"},"breadcrumb":{"@id":"https:\/\/www.mariazell-wienerwald.at\/sakristeischrank\/#breadcrumb"},"inLanguage":"en-US","potentialAction":[{"@type":"ReadAction","target":["https:\/\/www.mariazell-wienerwald.at\/sakristeischrank\/"]}]},{"@type":"ImageObject","inLanguage":"en-US","@id":"https:\/\/www.mariazell-wienerwald.at\/sakristeischrank\/#primaryimage","url":"https:\/\/www.mariazell-wienerwald.at\/wp-content\/uploads\/2021\/05\/IMG_20210511_144726-300x169.jpg","contentUrl":"https:\/\/www.mariazell-wienerwald.at\/wp-content\/uploads\/2021\/05\/IMG_20210511_144726-300x169.jpg"},{"@type":"BreadcrumbList","@id":"https:\/\/www.mariazell-wienerwald.at\/sakristeischrank\/#breadcrumb","itemListElement":[{"@type":"ListItem","position":1,"name":"Startseite","item":"https:\/\/www.mariazell-wienerwald.at\/"},{"@type":"ListItem","position":2,"name":"Schatzkammer Hafnerberg: Sakristeischrank ist heimgekehrt!"}]},{"@type":"WebSite","@id":"https:\/\/www.mariazell-wienerwald.at\/#website","url":"https:\/\/www.mariazell-wienerwald.at\/","name":"Mariazell im Wienerwald","description":"","potentialAction":[{"@type":"SearchAction","target":{"@type":"EntryPoint","urlTemplate":"https:\/\/www.mariazell-wienerwald.at\/?s={search_term_string}"},"query-input":"required name=search_term_string"}],"inLanguage":"en-US"},{"@type":"Person","@id":"https:\/\/www.mariazell-wienerwald.at\/#\/schema\/person\/8aa8609a154a15cf2e659bc8d1b8cc68","name":"Thomas Aigner","image":{"@type":"ImageObject","inLanguage":"en-US","@id":"https:\/\/www.mariazell-wienerwald.at\/#\/schema\/person\/image\/","url":"https:\/\/secure.gravatar.com\/avatar\/3036fba9b4bba76d18c9c1c1a271e447?s=96&d=mm&r=g","contentUrl":"https:\/\/secure.gravatar.com\/avatar\/3036fba9b4bba76d18c9c1c1a271e447?s=96&d=mm&r=g","caption":"Thomas Aigner"},"url":"https:\/\/www.mariazell-wienerwald.at\/en\/author\/thomas-aigner\/"}]}},"_links":{"self":[{"href":"https:\/\/www.mariazell-wienerwald.at\/en\/wp-json\/wp\/v2\/posts\/4124"}],"collection":[{"href":"https:\/\/www.mariazell-wienerwald.at\/en\/wp-json\/wp\/v2\/posts"}],"about":[{"href":"https:\/\/www.mariazell-wienerwald.at\/en\/wp-json\/wp\/v2\/types\/post"}],"author":[{"embeddable":true,"href":"https:\/\/www.mariazell-wienerwald.at\/en\/wp-json\/wp\/v2\/users\/3"}],"replies":[{"embeddable":true,"href":"https:\/\/www.mariazell-wienerwald.at\/en\/wp-json\/wp\/v2\/comments?post=4124"}],"version-history":[{"count":14,"href":"https:\/\/www.mariazell-wienerwald.at\/en\/wp-json\/wp\/v2\/posts\/4124\/revisions"}],"predecessor-version":[{"id":4184,"href":"https:\/\/www.mariazell-wienerwald.at\/en\/wp-json\/wp\/v2\/posts\/4124\/revisions\/4184"}],"wp:attachment":[{"href":"https:\/\/www.mariazell-wienerwald.at\/en\/wp-json\/wp\/v2\/media?parent=4124"}],"wp:term":[{"taxonomy":"category","embeddable":true,"href":"https:\/\/www.mariazell-wienerwald.at\/en\/wp-json\/wp\/v2\/categories?post=4124"},{"taxonomy":"post_tag","embeddable":true,"href":"https:\/\/www.mariazell-wienerwald.at\/en\/wp-json\/wp\/v2\/tags?post=4124"}],"curies":[{"name":"wp","href":"https:\/\/api.w.org\/{rel}","templated":true}]}}