{"id":4203,"date":"2021-05-18T13:22:44","date_gmt":"2021-05-18T11:22:44","guid":{"rendered":"https:\/\/www.mariazell-wienerwald.at\/?p=4203"},"modified":"2021-05-18T13:24:58","modified_gmt":"2021-05-18T11:24:58","slug":"klosterladen-ab-22-mai-wieder-geoeffnet","status":"publish","type":"post","link":"https:\/\/www.mariazell-wienerwald.at\/en\/klosterladen-ab-22-mai-wieder-geoeffnet\/","title":{"rendered":"Klosterladen ab 22. Mai wieder ge\u00f6ffnet"},"content":{"rendered":"<p>Liebe Freunde von Mariazell im Wienerwald,<\/p>\n<p>ab kommenden Samstag k\u00f6nnen Sie Ihren Besuch unserer sch\u00f6nen Region wieder mit einem Besuch unseres<a href=\"https:\/\/www.mariazell-wienerwald.at\/en\/klosterladen\/\" target=\"_blank\" rel=\"noopener\"><strong> Klosterladens<\/strong> <\/a>verbinden. Regionale Produkte, spannende B\u00fccher und nat\u00fcrlich unser beliebter Stiftswein und unser Klosterbier erwarten Sie!<\/p>\n<p><img fetchpriority=\"high\" decoding=\"async\" class=\"alignnone wp-image-2356\" src=\"https:\/\/www.mariazell-wienerwald.at\/wp-content\/uploads\/2020\/04\/Blick-in-klosterladen-300x200.jpg\" alt=\"\" width=\"372\" height=\"248\" srcset=\"https:\/\/www.mariazell-wienerwald.at\/wp-content\/uploads\/2020\/04\/Blick-in-klosterladen-300x200.jpg 300w, https:\/\/www.mariazell-wienerwald.at\/wp-content\/uploads\/2020\/04\/Blick-in-klosterladen.jpg 500w\" sizes=\"(max-width: 372px) 100vw, 372px\" \/><\/p>","protected":false},"excerpt":{"rendered":"<p>Liebe Freunde von Mariazell im Wienerwald, ab kommenden Samstag k\u00f6nnen Sie Ihren Besuch unserer sch\u00f6nen Region wieder mit einem Besuch unseres Klosterladens verbinden. Regionale Produkte, spannende B\u00fccher und nat\u00fcrlich unser beliebter Stiftswein und unser Klosterbier erwarten Sie!<\/p>","protected":false},"author":3,"featured_media":0,"comment_status":"open","ping_status":"open","sticky":false,"template":"","format":"standard","meta":{"_acf_changed":false,"footnotes":""},"categories":[1],"tags":[],"class_list":["post-4203","post","type-post","status-publish","format-standard","hentry","category-allgemein"],"acf":[],"yoast_head":"<!-- This site is optimized with the Yoast SEO plugin v23.1 - https:\/\/yoast.com\/wordpress\/plugins\/seo\/ -->\n<title>Klosterladen ab 22. Mai wieder ge\u00f6ffnet - Mariazell im Wienerwald<\/title>\n<meta name=\"robots\" content=\"index, follow, max-snippet:-1, max-image-preview:large, max-video-preview:-1\" \/>\n<link rel=\"canonical\" href=\"https:\/\/www.mariazell-wienerwald.at\/en\/klosterladen-ab-22-mai-wieder-geoeffnet\/\" \/>\n<meta property=\"og:locale\" content=\"en_US\" \/>\n<meta property=\"og:type\" content=\"article\" \/>\n<meta property=\"og:title\" content=\"Klosterladen ab 22. Mai wieder ge\u00f6ffnet - Mariazell im Wienerwald\" \/>\n<meta property=\"og:description\" content=\"Liebe Freunde von Mariazell im Wienerwald, ab kommenden Samstag k\u00f6nnen Sie Ihren Besuch unserer sch\u00f6nen Region wieder mit einem Besuch unseres Klosterladens verbinden. Regionale Produkte, spannende B\u00fccher und nat\u00fcrlich unser beliebter Stiftswein und unser Klosterbier erwarten Sie!\" \/>\n<meta property=\"og:url\" content=\"https:\/\/www.mariazell-wienerwald.at\/en\/klosterladen-ab-22-mai-wieder-geoeffnet\/\" \/>\n<meta property=\"og:site_name\" content=\"Mariazell im Wienerwald\" \/>\n<meta property=\"article:published_time\" content=\"2021-05-18T11:22:44+00:00\" \/>\n<meta property=\"article:modified_time\" content=\"2021-05-18T11:24:58+00:00\" \/>\n<meta property=\"og:image\" content=\"https:\/\/www.mariazell-wienerwald.at\/wp-content\/uploads\/2020\/04\/Blick-in-klosterladen-300x200.jpg\" \/>\n<meta name=\"author\" content=\"Thomas Aigner\" \/>\n<meta name=\"twitter:card\" content=\"summary_large_image\" \/>\n<meta name=\"twitter:label1\" content=\"Written by\" \/>\n\t<meta name=\"twitter:data1\" content=\"Thomas Aigner\" \/>\n\t<meta name=\"twitter:label2\" content=\"Est. reading time\" \/>\n\t<meta name=\"twitter:data2\" content=\"1 minute\" \/>\n<script type=\"application\/ld+json\" class=\"yoast-schema-graph\">{\"@context\":\"https:\/\/schema.org\",\"@graph\":[{\"@type\":\"WebPage\",\"@id\":\"https:\/\/www.mariazell-wienerwald.at\/klosterladen-ab-22-mai-wieder-geoeffnet\/\",\"url\":\"https:\/\/www.mariazell-wienerwald.at\/klosterladen-ab-22-mai-wieder-geoeffnet\/\",\"name\":\"Klosterladen ab 22. Mai wieder ge\u00f6ffnet - Mariazell im Wienerwald\",\"isPartOf\":{\"@id\":\"https:\/\/www.mariazell-wienerwald.at\/#website\"},\"primaryImageOfPage\":{\"@id\":\"https:\/\/www.mariazell-wienerwald.at\/klosterladen-ab-22-mai-wieder-geoeffnet\/#primaryimage\"},\"image\":{\"@id\":\"https:\/\/www.mariazell-wienerwald.at\/klosterladen-ab-22-mai-wieder-geoeffnet\/#primaryimage\"},\"thumbnailUrl\":\"https:\/\/www.mariazell-wienerwald.at\/wp-content\/uploads\/2020\/04\/Blick-in-klosterladen-300x200.jpg\",\"datePublished\":\"2021-05-18T11:22:44+00:00\",\"dateModified\":\"2021-05-18T11:24:58+00:00\",\"author\":{\"@id\":\"https:\/\/www.mariazell-wienerwald.at\/#\/schema\/person\/8aa8609a154a15cf2e659bc8d1b8cc68\"},\"breadcrumb\":{\"@id\":\"https:\/\/www.mariazell-wienerwald.at\/klosterladen-ab-22-mai-wieder-geoeffnet\/#breadcrumb\"},\"inLanguage\":\"en-US\",\"potentialAction\":[{\"@type\":\"ReadAction\",\"target\":[\"https:\/\/www.mariazell-wienerwald.at\/klosterladen-ab-22-mai-wieder-geoeffnet\/\"]}]},{\"@type\":\"ImageObject\",\"inLanguage\":\"en-US\",\"@id\":\"https:\/\/www.mariazell-wienerwald.at\/klosterladen-ab-22-mai-wieder-geoeffnet\/#primaryimage\",\"url\":\"https:\/\/www.mariazell-wienerwald.at\/wp-content\/uploads\/2020\/04\/Blick-in-klosterladen-300x200.jpg\",\"contentUrl\":\"https:\/\/www.mariazell-wienerwald.at\/wp-content\/uploads\/2020\/04\/Blick-in-klosterladen-300x200.jpg\"},{\"@type\":\"BreadcrumbList\",\"@id\":\"https:\/\/www.mariazell-wienerwald.at\/klosterladen-ab-22-mai-wieder-geoeffnet\/#breadcrumb\",\"itemListElement\":[{\"@type\":\"ListItem\",\"position\":1,\"name\":\"Startseite\",\"item\":\"https:\/\/www.mariazell-wienerwald.at\/\"},{\"@type\":\"ListItem\",\"position\":2,\"name\":\"Klosterladen ab 22. Mai wieder ge\u00f6ffnet\"}]},{\"@type\":\"WebSite\",\"@id\":\"https:\/\/www.mariazell-wienerwald.at\/#website\",\"url\":\"https:\/\/www.mariazell-wienerwald.at\/\",\"name\":\"Mariazell im Wienerwald\",\"description\":\"\",\"potentialAction\":[{\"@type\":\"SearchAction\",\"target\":{\"@type\":\"EntryPoint\",\"urlTemplate\":\"https:\/\/www.mariazell-wienerwald.at\/?s={search_term_string}\"},\"query-input\":\"required name=search_term_string\"}],\"inLanguage\":\"en-US\"},{\"@type\":\"Person\",\"@id\":\"https:\/\/www.mariazell-wienerwald.at\/#\/schema\/person\/8aa8609a154a15cf2e659bc8d1b8cc68\",\"name\":\"Thomas Aigner\",\"image\":{\"@type\":\"ImageObject\",\"inLanguage\":\"en-US\",\"@id\":\"https:\/\/www.mariazell-wienerwald.at\/#\/schema\/person\/image\/\",\"url\":\"https:\/\/secure.gravatar.com\/avatar\/3036fba9b4bba76d18c9c1c1a271e447?s=96&d=mm&r=g\",\"contentUrl\":\"https:\/\/secure.gravatar.com\/avatar\/3036fba9b4bba76d18c9c1c1a271e447?s=96&d=mm&r=g\",\"caption\":\"Thomas Aigner\"},\"url\":\"https:\/\/www.mariazell-wienerwald.at\/en\/author\/thomas-aigner\/\"}]}<\/script>\n<!-- \/ Yoast SEO plugin. -->","yoast_head_json":{"title":"Klosterladen ab 22. Mai wieder ge\u00f6ffnet - Mariazell im Wienerwald","robots":{"index":"index","follow":"follow","max-snippet":"max-snippet:-1","max-image-preview":"max-image-preview:large","max-video-preview":"max-video-preview:-1"},"canonical":"https:\/\/www.mariazell-wienerwald.at\/en\/klosterladen-ab-22-mai-wieder-geoeffnet\/","og_locale":"en_US","og_type":"article","og_title":"Klosterladen ab 22. Mai wieder ge\u00f6ffnet - Mariazell im Wienerwald","og_description":"Liebe Freunde von Mariazell im Wienerwald, ab kommenden Samstag k\u00f6nnen Sie Ihren Besuch unserer sch\u00f6nen Region wieder mit einem Besuch unseres Klosterladens verbinden. Regionale Produkte, spannende B\u00fccher und nat\u00fcrlich unser beliebter Stiftswein und unser Klosterbier erwarten Sie!","og_url":"https:\/\/www.mariazell-wienerwald.at\/en\/klosterladen-ab-22-mai-wieder-geoeffnet\/","og_site_name":"Mariazell im Wienerwald","article_published_time":"2021-05-18T11:22:44+00:00","article_modified_time":"2021-05-18T11:24:58+00:00","og_image":[{"url":"https:\/\/www.mariazell-wienerwald.at\/wp-content\/uploads\/2020\/04\/Blick-in-klosterladen-300x200.jpg"}],"author":"Thomas Aigner","twitter_card":"summary_large_image","twitter_misc":{"Written by":"Thomas Aigner","Est. reading time":"1 minute"},"schema":{"@context":"https:\/\/schema.org","@graph":[{"@type":"WebPage","@id":"https:\/\/www.mariazell-wienerwald.at\/klosterladen-ab-22-mai-wieder-geoeffnet\/","url":"https:\/\/www.mariazell-wienerwald.at\/klosterladen-ab-22-mai-wieder-geoeffnet\/","name":"Klosterladen ab 22. Mai wieder ge\u00f6ffnet - Mariazell im Wienerwald","isPartOf":{"@id":"https:\/\/www.mariazell-wienerwald.at\/#website"},"primaryImageOfPage":{"@id":"https:\/\/www.mariazell-wienerwald.at\/klosterladen-ab-22-mai-wieder-geoeffnet\/#primaryimage"},"image":{"@id":"https:\/\/www.mariazell-wienerwald.at\/klosterladen-ab-22-mai-wieder-geoeffnet\/#primaryimage"},"thumbnailUrl":"https:\/\/www.mariazell-wienerwald.at\/wp-content\/uploads\/2020\/04\/Blick-in-klosterladen-300x200.jpg","datePublished":"2021-05-18T11:22:44+00:00","dateModified":"2021-05-18T11:24:58+00:00","author":{"@id":"https:\/\/www.mariazell-wienerwald.at\/#\/schema\/person\/8aa8609a154a15cf2e659bc8d1b8cc68"},"breadcrumb":{"@id":"https:\/\/www.mariazell-wienerwald.at\/klosterladen-ab-22-mai-wieder-geoeffnet\/#breadcrumb"},"inLanguage":"en-US","potentialAction":[{"@type":"ReadAction","target":["https:\/\/www.mariazell-wienerwald.at\/klosterladen-ab-22-mai-wieder-geoeffnet\/"]}]},{"@type":"ImageObject","inLanguage":"en-US","@id":"https:\/\/www.mariazell-wienerwald.at\/klosterladen-ab-22-mai-wieder-geoeffnet\/#primaryimage","url":"https:\/\/www.mariazell-wienerwald.at\/wp-content\/uploads\/2020\/04\/Blick-in-klosterladen-300x200.jpg","contentUrl":"https:\/\/www.mariazell-wienerwald.at\/wp-content\/uploads\/2020\/04\/Blick-in-klosterladen-300x200.jpg"},{"@type":"BreadcrumbList","@id":"https:\/\/www.mariazell-wienerwald.at\/klosterladen-ab-22-mai-wieder-geoeffnet\/#breadcrumb","itemListElement":[{"@type":"ListItem","position":1,"name":"Startseite","item":"https:\/\/www.mariazell-wienerwald.at\/"},{"@type":"ListItem","position":2,"name":"Klosterladen ab 22. Mai wieder ge\u00f6ffnet"}]},{"@type":"WebSite","@id":"https:\/\/www.mariazell-wienerwald.at\/#website","url":"https:\/\/www.mariazell-wienerwald.at\/","name":"Mariazell im Wienerwald","description":"","potentialAction":[{"@type":"SearchAction","target":{"@type":"EntryPoint","urlTemplate":"https:\/\/www.mariazell-wienerwald.at\/?s={search_term_string}"},"query-input":"required name=search_term_string"}],"inLanguage":"en-US"},{"@type":"Person","@id":"https:\/\/www.mariazell-wienerwald.at\/#\/schema\/person\/8aa8609a154a15cf2e659bc8d1b8cc68","name":"Thomas Aigner","image":{"@type":"ImageObject","inLanguage":"en-US","@id":"https:\/\/www.mariazell-wienerwald.at\/#\/schema\/person\/image\/","url":"https:\/\/secure.gravatar.com\/avatar\/3036fba9b4bba76d18c9c1c1a271e447?s=96&d=mm&r=g","contentUrl":"https:\/\/secure.gravatar.com\/avatar\/3036fba9b4bba76d18c9c1c1a271e447?s=96&d=mm&r=g","caption":"Thomas Aigner"},"url":"https:\/\/www.mariazell-wienerwald.at\/en\/author\/thomas-aigner\/"}]}},"_links":{"self":[{"href":"https:\/\/www.mariazell-wienerwald.at\/en\/wp-json\/wp\/v2\/posts\/4203"}],"collection":[{"href":"https:\/\/www.mariazell-wienerwald.at\/en\/wp-json\/wp\/v2\/posts"}],"about":[{"href":"https:\/\/www.mariazell-wienerwald.at\/en\/wp-json\/wp\/v2\/types\/post"}],"author":[{"embeddable":true,"href":"https:\/\/www.mariazell-wienerwald.at\/en\/wp-json\/wp\/v2\/users\/3"}],"replies":[{"embeddable":true,"href":"https:\/\/www.mariazell-wienerwald.at\/en\/wp-json\/wp\/v2\/comments?post=4203"}],"version-history":[{"count":2,"href":"https:\/\/www.mariazell-wienerwald.at\/en\/wp-json\/wp\/v2\/posts\/4203\/revisions"}],"predecessor-version":[{"id":4205,"href":"https:\/\/www.mariazell-wienerwald.at\/en\/wp-json\/wp\/v2\/posts\/4203\/revisions\/4205"}],"wp:attachment":[{"href":"https:\/\/www.mariazell-wienerwald.at\/en\/wp-json\/wp\/v2\/media?parent=4203"}],"wp:term":[{"taxonomy":"category","embeddable":true,"href":"https:\/\/www.mariazell-wienerwald.at\/en\/wp-json\/wp\/v2\/categories?post=4203"},{"taxonomy":"post_tag","embeddable":true,"href":"https:\/\/www.mariazell-wienerwald.at\/en\/wp-json\/wp\/v2\/tags?post=4203"}],"curies":[{"name":"wp","href":"https:\/\/api.w.org\/{rel}","templated":true}]}}