{"id":4423,"date":"2021-08-07T13:33:05","date_gmt":"2021-08-07T11:33:05","guid":{"rendered":"https:\/\/www.mariazell-wienerwald.at\/?p=4423"},"modified":"2021-08-07T13:39:37","modified_gmt":"2021-08-07T11:39:37","slug":"14-15-august-2021-ein-wochenende-mit-dem-kirchenchor-koeniginhof-dvur-kralove-cz","status":"publish","type":"post","link":"https:\/\/www.mariazell-wienerwald.at\/en\/14-15-august-2021-ein-wochenende-mit-dem-kirchenchor-koeniginhof-dvur-kralove-cz\/","title":{"rendered":"14.\/15. August 2021: Ein Wochenende mit dem Kirchenchor K\u00f6niginhof\/Dv\u016fr Kr\u00e1lov\u00e9 (CZ)"},"content":{"rendered":"<p><img fetchpriority=\"high\" decoding=\"async\" class=\"wp-image-4424 alignleft\" src=\"https:\/\/www.mariazell-wienerwald.at\/wp-content\/uploads\/2021\/08\/Bergl_Trompeter-717x1024.jpg\" alt=\"\" width=\"230\" height=\"329\" srcset=\"https:\/\/www.mariazell-wienerwald.at\/wp-content\/uploads\/2021\/08\/Bergl_Trompeter-717x1024.jpg 717w, https:\/\/www.mariazell-wienerwald.at\/wp-content\/uploads\/2021\/08\/Bergl_Trompeter-210x300.jpg 210w, https:\/\/www.mariazell-wienerwald.at\/wp-content\/uploads\/2021\/08\/Bergl_Trompeter-768x1096.jpg 768w, https:\/\/www.mariazell-wienerwald.at\/wp-content\/uploads\/2021\/08\/Bergl_Trompeter-1076x1536.jpg 1076w, https:\/\/www.mariazell-wienerwald.at\/wp-content\/uploads\/2021\/08\/Bergl_Trompeter-1435x2048.jpg 1435w, https:\/\/www.mariazell-wienerwald.at\/wp-content\/uploads\/2021\/08\/Bergl_Trompeter-8x12.jpg 8w, https:\/\/www.mariazell-wienerwald.at\/wp-content\/uploads\/2021\/08\/Bergl_Trompeter-600x856.jpg 600w, https:\/\/www.mariazell-wienerwald.at\/wp-content\/uploads\/2021\/08\/Bergl_Trompeter-scaled.jpg 1794w\" sizes=\"(max-width: 230px) 100vw, 230px\" \/>Der Kirchenchor aus der Heimatstadt des Sch\u00f6pfers der Fresken in der Basilika Klein-Mariazell, Johann Wenzel Bergl (1719-1789), gastiert am Wochenende des 14.\/15. August gleich zweimal in unserer Region.<\/p>\n<p>Es ist uns eine Freude und Ehre, unsere Freunde aus der Tschechischen Republik bei uns begr\u00fc\u00dfen zu d\u00fcrfen!<\/p>\n<p>Seien Sie dabei &#8230;<\/p>\n<p>&#8230; am 14. August 2021 beim <strong>Kirchenkonzert<\/strong> f\u00fcr Mitglieder (und solche, die es noch werden wollen) des Vereins Mariazell im Wienerwald in der Wallfahrtskirche Hafnerberg: <strong><a href=\"https:\/\/www.mariazell-wienerwald.at\/en\/veranstaltungen\/kirchenkonzert-fuer-mitglieder-mit-dem-kirchenchor-koeniginhof-cz\/\" target=\"_blank\" rel=\"noopener\">mehr Infos<\/a><\/strong><\/p>\n<p>&#8230; am 15. August 2021 beim <strong>Patroziniumsfest<\/strong> der Basilika Klein-Mariazell: <strong><a href=\"https:\/\/www.mariazell-wienerwald.at\/en\/veranstaltungen\/patrozinium-mit-dem-kirchenchor-koeniginhof-dvur-kralove-cz\/\" target=\"_blank\" rel=\"noopener\">mehr Infos<\/a><\/strong><\/p>","protected":false},"excerpt":{"rendered":"<p>Der Kirchenchor aus der Heimatstadt des Sch\u00f6pfers der Fresken in der Basilika Klein-Mariazell, Johann Wenzel Bergl (1719-1789), gastiert am Wochenende des 14.\/15. August gleich zweimal in unserer Region. Es ist uns eine Freude und Ehre, unsere Freunde aus der Tschechischen Republik bei uns begr\u00fc\u00dfen zu d\u00fcrfen! Seien Sie dabei &#8230; &#8230; am 14. August 2021 [&hellip;]<\/p>","protected":false},"author":3,"featured_media":4424,"comment_status":"open","ping_status":"open","sticky":false,"template":"","format":"standard","meta":{"_acf_changed":false,"footnotes":""},"categories":[1],"tags":[],"class_list":["post-4423","post","type-post","status-publish","format-standard","has-post-thumbnail","hentry","category-allgemein"],"acf":[],"yoast_head":"<!-- This site is optimized with the Yoast SEO plugin v23.1 - https:\/\/yoast.com\/wordpress\/plugins\/seo\/ -->\n<title>14.\/15. August 2021: Ein Wochenende mit dem Kirchenchor K\u00f6niginhof\/Dv\u016fr Kr\u00e1lov\u00e9 (CZ) - Mariazell im Wienerwald<\/title>\n<meta name=\"robots\" content=\"index, follow, max-snippet:-1, max-image-preview:large, max-video-preview:-1\" \/>\n<link rel=\"canonical\" href=\"https:\/\/www.mariazell-wienerwald.at\/en\/14-15-august-2021-ein-wochenende-mit-dem-kirchenchor-koeniginhof-dvur-kralove-cz\/\" \/>\n<meta property=\"og:locale\" content=\"en_US\" \/>\n<meta property=\"og:type\" content=\"article\" \/>\n<meta property=\"og:title\" content=\"14.\/15. August 2021: Ein Wochenende mit dem Kirchenchor K\u00f6niginhof\/Dv\u016fr Kr\u00e1lov\u00e9 (CZ) - Mariazell im Wienerwald\" \/>\n<meta property=\"og:description\" content=\"Der Kirchenchor aus der Heimatstadt des Sch\u00f6pfers der Fresken in der Basilika Klein-Mariazell, Johann Wenzel Bergl (1719-1789), gastiert am Wochenende des 14.\/15. August gleich zweimal in unserer Region. Es ist uns eine Freude und Ehre, unsere Freunde aus der Tschechischen Republik bei uns begr\u00fc\u00dfen zu d\u00fcrfen! Seien Sie dabei &#8230; &#8230; am 14. August 2021 [&hellip;]\" \/>\n<meta property=\"og:url\" content=\"https:\/\/www.mariazell-wienerwald.at\/en\/14-15-august-2021-ein-wochenende-mit-dem-kirchenchor-koeniginhof-dvur-kralove-cz\/\" \/>\n<meta property=\"og:site_name\" content=\"Mariazell im Wienerwald\" \/>\n<meta property=\"article:published_time\" content=\"2021-08-07T11:33:05+00:00\" \/>\n<meta property=\"article:modified_time\" content=\"2021-08-07T11:39:37+00:00\" \/>\n<meta property=\"og:image\" content=\"https:\/\/www.mariazell-wienerwald.at\/wp-content\/uploads\/2021\/08\/Bergl_Trompeter-scaled.jpg\" \/>\n\t<meta property=\"og:image:width\" content=\"1794\" \/>\n\t<meta property=\"og:image:height\" content=\"2560\" \/>\n\t<meta property=\"og:image:type\" content=\"image\/jpeg\" \/>\n<meta name=\"author\" content=\"Thomas Aigner\" \/>\n<meta name=\"twitter:card\" content=\"summary_large_image\" \/>\n<meta name=\"twitter:label1\" content=\"Written by\" \/>\n\t<meta name=\"twitter:data1\" content=\"Thomas Aigner\" \/>\n\t<meta name=\"twitter:label2\" content=\"Est. reading time\" \/>\n\t<meta name=\"twitter:data2\" content=\"1 minute\" \/>\n<script type=\"application\/ld+json\" class=\"yoast-schema-graph\">{\"@context\":\"https:\/\/schema.org\",\"@graph\":[{\"@type\":\"WebPage\",\"@id\":\"https:\/\/www.mariazell-wienerwald.at\/14-15-august-2021-ein-wochenende-mit-dem-kirchenchor-koeniginhof-dvur-kralove-cz\/\",\"url\":\"https:\/\/www.mariazell-wienerwald.at\/14-15-august-2021-ein-wochenende-mit-dem-kirchenchor-koeniginhof-dvur-kralove-cz\/\",\"name\":\"14.\/15. August 2021: Ein Wochenende mit dem Kirchenchor K\u00f6niginhof\/Dv\u016fr Kr\u00e1lov\u00e9 (CZ) - Mariazell im Wienerwald\",\"isPartOf\":{\"@id\":\"https:\/\/www.mariazell-wienerwald.at\/#website\"},\"primaryImageOfPage\":{\"@id\":\"https:\/\/www.mariazell-wienerwald.at\/14-15-august-2021-ein-wochenende-mit-dem-kirchenchor-koeniginhof-dvur-kralove-cz\/#primaryimage\"},\"image\":{\"@id\":\"https:\/\/www.mariazell-wienerwald.at\/14-15-august-2021-ein-wochenende-mit-dem-kirchenchor-koeniginhof-dvur-kralove-cz\/#primaryimage\"},\"thumbnailUrl\":\"https:\/\/www.mariazell-wienerwald.at\/wp-content\/uploads\/2021\/08\/Bergl_Trompeter-scaled.jpg\",\"datePublished\":\"2021-08-07T11:33:05+00:00\",\"dateModified\":\"2021-08-07T11:39:37+00:00\",\"author\":{\"@id\":\"https:\/\/www.mariazell-wienerwald.at\/#\/schema\/person\/8aa8609a154a15cf2e659bc8d1b8cc68\"},\"breadcrumb\":{\"@id\":\"https:\/\/www.mariazell-wienerwald.at\/14-15-august-2021-ein-wochenende-mit-dem-kirchenchor-koeniginhof-dvur-kralove-cz\/#breadcrumb\"},\"inLanguage\":\"en-US\",\"potentialAction\":[{\"@type\":\"ReadAction\",\"target\":[\"https:\/\/www.mariazell-wienerwald.at\/14-15-august-2021-ein-wochenende-mit-dem-kirchenchor-koeniginhof-dvur-kralove-cz\/\"]}]},{\"@type\":\"ImageObject\",\"inLanguage\":\"en-US\",\"@id\":\"https:\/\/www.mariazell-wienerwald.at\/14-15-august-2021-ein-wochenende-mit-dem-kirchenchor-koeniginhof-dvur-kralove-cz\/#primaryimage\",\"url\":\"https:\/\/www.mariazell-wienerwald.at\/wp-content\/uploads\/2021\/08\/Bergl_Trompeter-scaled.jpg\",\"contentUrl\":\"https:\/\/www.mariazell-wienerwald.at\/wp-content\/uploads\/2021\/08\/Bergl_Trompeter-scaled.jpg\",\"width\":1794,\"height\":2560},{\"@type\":\"BreadcrumbList\",\"@id\":\"https:\/\/www.mariazell-wienerwald.at\/14-15-august-2021-ein-wochenende-mit-dem-kirchenchor-koeniginhof-dvur-kralove-cz\/#breadcrumb\",\"itemListElement\":[{\"@type\":\"ListItem\",\"position\":1,\"name\":\"Startseite\",\"item\":\"https:\/\/www.mariazell-wienerwald.at\/\"},{\"@type\":\"ListItem\",\"position\":2,\"name\":\"14.\/15. August 2021: Ein Wochenende mit dem Kirchenchor K\u00f6niginhof\/Dv\u016fr Kr\u00e1lov\u00e9 (CZ)\"}]},{\"@type\":\"WebSite\",\"@id\":\"https:\/\/www.mariazell-wienerwald.at\/#website\",\"url\":\"https:\/\/www.mariazell-wienerwald.at\/\",\"name\":\"Mariazell im Wienerwald\",\"description\":\"\",\"potentialAction\":[{\"@type\":\"SearchAction\",\"target\":{\"@type\":\"EntryPoint\",\"urlTemplate\":\"https:\/\/www.mariazell-wienerwald.at\/?s={search_term_string}\"},\"query-input\":\"required name=search_term_string\"}],\"inLanguage\":\"en-US\"},{\"@type\":\"Person\",\"@id\":\"https:\/\/www.mariazell-wienerwald.at\/#\/schema\/person\/8aa8609a154a15cf2e659bc8d1b8cc68\",\"name\":\"Thomas Aigner\",\"image\":{\"@type\":\"ImageObject\",\"inLanguage\":\"en-US\",\"@id\":\"https:\/\/www.mariazell-wienerwald.at\/#\/schema\/person\/image\/\",\"url\":\"https:\/\/secure.gravatar.com\/avatar\/3036fba9b4bba76d18c9c1c1a271e447?s=96&d=mm&r=g\",\"contentUrl\":\"https:\/\/secure.gravatar.com\/avatar\/3036fba9b4bba76d18c9c1c1a271e447?s=96&d=mm&r=g\",\"caption\":\"Thomas Aigner\"},\"url\":\"https:\/\/www.mariazell-wienerwald.at\/en\/author\/thomas-aigner\/\"}]}<\/script>\n<!-- \/ Yoast SEO plugin. -->","yoast_head_json":{"title":"14.\/15. August 2021: Ein Wochenende mit dem Kirchenchor K\u00f6niginhof\/Dv\u016fr Kr\u00e1lov\u00e9 (CZ) - Mariazell im Wienerwald","robots":{"index":"index","follow":"follow","max-snippet":"max-snippet:-1","max-image-preview":"max-image-preview:large","max-video-preview":"max-video-preview:-1"},"canonical":"https:\/\/www.mariazell-wienerwald.at\/en\/14-15-august-2021-ein-wochenende-mit-dem-kirchenchor-koeniginhof-dvur-kralove-cz\/","og_locale":"en_US","og_type":"article","og_title":"14.\/15. August 2021: Ein Wochenende mit dem Kirchenchor K\u00f6niginhof\/Dv\u016fr Kr\u00e1lov\u00e9 (CZ) - Mariazell im Wienerwald","og_description":"Der Kirchenchor aus der Heimatstadt des Sch\u00f6pfers der Fresken in der Basilika Klein-Mariazell, Johann Wenzel Bergl (1719-1789), gastiert am Wochenende des 14.\/15. August gleich zweimal in unserer Region. Es ist uns eine Freude und Ehre, unsere Freunde aus der Tschechischen Republik bei uns begr\u00fc\u00dfen zu d\u00fcrfen! Seien Sie dabei &#8230; &#8230; am 14. August 2021 [&hellip;]","og_url":"https:\/\/www.mariazell-wienerwald.at\/en\/14-15-august-2021-ein-wochenende-mit-dem-kirchenchor-koeniginhof-dvur-kralove-cz\/","og_site_name":"Mariazell im Wienerwald","article_published_time":"2021-08-07T11:33:05+00:00","article_modified_time":"2021-08-07T11:39:37+00:00","og_image":[{"width":1794,"height":2560,"url":"https:\/\/www.mariazell-wienerwald.at\/wp-content\/uploads\/2021\/08\/Bergl_Trompeter-scaled.jpg","type":"image\/jpeg"}],"author":"Thomas Aigner","twitter_card":"summary_large_image","twitter_misc":{"Written by":"Thomas Aigner","Est. reading time":"1 minute"},"schema":{"@context":"https:\/\/schema.org","@graph":[{"@type":"WebPage","@id":"https:\/\/www.mariazell-wienerwald.at\/14-15-august-2021-ein-wochenende-mit-dem-kirchenchor-koeniginhof-dvur-kralove-cz\/","url":"https:\/\/www.mariazell-wienerwald.at\/14-15-august-2021-ein-wochenende-mit-dem-kirchenchor-koeniginhof-dvur-kralove-cz\/","name":"14.\/15. August 2021: Ein Wochenende mit dem Kirchenchor K\u00f6niginhof\/Dv\u016fr Kr\u00e1lov\u00e9 (CZ) - Mariazell im Wienerwald","isPartOf":{"@id":"https:\/\/www.mariazell-wienerwald.at\/#website"},"primaryImageOfPage":{"@id":"https:\/\/www.mariazell-wienerwald.at\/14-15-august-2021-ein-wochenende-mit-dem-kirchenchor-koeniginhof-dvur-kralove-cz\/#primaryimage"},"image":{"@id":"https:\/\/www.mariazell-wienerwald.at\/14-15-august-2021-ein-wochenende-mit-dem-kirchenchor-koeniginhof-dvur-kralove-cz\/#primaryimage"},"thumbnailUrl":"https:\/\/www.mariazell-wienerwald.at\/wp-content\/uploads\/2021\/08\/Bergl_Trompeter-scaled.jpg","datePublished":"2021-08-07T11:33:05+00:00","dateModified":"2021-08-07T11:39:37+00:00","author":{"@id":"https:\/\/www.mariazell-wienerwald.at\/#\/schema\/person\/8aa8609a154a15cf2e659bc8d1b8cc68"},"breadcrumb":{"@id":"https:\/\/www.mariazell-wienerwald.at\/14-15-august-2021-ein-wochenende-mit-dem-kirchenchor-koeniginhof-dvur-kralove-cz\/#breadcrumb"},"inLanguage":"en-US","potentialAction":[{"@type":"ReadAction","target":["https:\/\/www.mariazell-wienerwald.at\/14-15-august-2021-ein-wochenende-mit-dem-kirchenchor-koeniginhof-dvur-kralove-cz\/"]}]},{"@type":"ImageObject","inLanguage":"en-US","@id":"https:\/\/www.mariazell-wienerwald.at\/14-15-august-2021-ein-wochenende-mit-dem-kirchenchor-koeniginhof-dvur-kralove-cz\/#primaryimage","url":"https:\/\/www.mariazell-wienerwald.at\/wp-content\/uploads\/2021\/08\/Bergl_Trompeter-scaled.jpg","contentUrl":"https:\/\/www.mariazell-wienerwald.at\/wp-content\/uploads\/2021\/08\/Bergl_Trompeter-scaled.jpg","width":1794,"height":2560},{"@type":"BreadcrumbList","@id":"https:\/\/www.mariazell-wienerwald.at\/14-15-august-2021-ein-wochenende-mit-dem-kirchenchor-koeniginhof-dvur-kralove-cz\/#breadcrumb","itemListElement":[{"@type":"ListItem","position":1,"name":"Startseite","item":"https:\/\/www.mariazell-wienerwald.at\/"},{"@type":"ListItem","position":2,"name":"14.\/15. August 2021: Ein Wochenende mit dem Kirchenchor K\u00f6niginhof\/Dv\u016fr Kr\u00e1lov\u00e9 (CZ)"}]},{"@type":"WebSite","@id":"https:\/\/www.mariazell-wienerwald.at\/#website","url":"https:\/\/www.mariazell-wienerwald.at\/","name":"Mariazell im Wienerwald","description":"","potentialAction":[{"@type":"SearchAction","target":{"@type":"EntryPoint","urlTemplate":"https:\/\/www.mariazell-wienerwald.at\/?s={search_term_string}"},"query-input":"required name=search_term_string"}],"inLanguage":"en-US"},{"@type":"Person","@id":"https:\/\/www.mariazell-wienerwald.at\/#\/schema\/person\/8aa8609a154a15cf2e659bc8d1b8cc68","name":"Thomas Aigner","image":{"@type":"ImageObject","inLanguage":"en-US","@id":"https:\/\/www.mariazell-wienerwald.at\/#\/schema\/person\/image\/","url":"https:\/\/secure.gravatar.com\/avatar\/3036fba9b4bba76d18c9c1c1a271e447?s=96&d=mm&r=g","contentUrl":"https:\/\/secure.gravatar.com\/avatar\/3036fba9b4bba76d18c9c1c1a271e447?s=96&d=mm&r=g","caption":"Thomas Aigner"},"url":"https:\/\/www.mariazell-wienerwald.at\/en\/author\/thomas-aigner\/"}]}},"_links":{"self":[{"href":"https:\/\/www.mariazell-wienerwald.at\/en\/wp-json\/wp\/v2\/posts\/4423"}],"collection":[{"href":"https:\/\/www.mariazell-wienerwald.at\/en\/wp-json\/wp\/v2\/posts"}],"about":[{"href":"https:\/\/www.mariazell-wienerwald.at\/en\/wp-json\/wp\/v2\/types\/post"}],"author":[{"embeddable":true,"href":"https:\/\/www.mariazell-wienerwald.at\/en\/wp-json\/wp\/v2\/users\/3"}],"replies":[{"embeddable":true,"href":"https:\/\/www.mariazell-wienerwald.at\/en\/wp-json\/wp\/v2\/comments?post=4423"}],"version-history":[{"count":4,"href":"https:\/\/www.mariazell-wienerwald.at\/en\/wp-json\/wp\/v2\/posts\/4423\/revisions"}],"predecessor-version":[{"id":4427,"href":"https:\/\/www.mariazell-wienerwald.at\/en\/wp-json\/wp\/v2\/posts\/4423\/revisions\/4427"}],"wp:featuredmedia":[{"embeddable":true,"href":"https:\/\/www.mariazell-wienerwald.at\/en\/wp-json\/wp\/v2\/media\/4424"}],"wp:attachment":[{"href":"https:\/\/www.mariazell-wienerwald.at\/en\/wp-json\/wp\/v2\/media?parent=4423"}],"wp:term":[{"taxonomy":"category","embeddable":true,"href":"https:\/\/www.mariazell-wienerwald.at\/en\/wp-json\/wp\/v2\/categories?post=4423"},{"taxonomy":"post_tag","embeddable":true,"href":"https:\/\/www.mariazell-wienerwald.at\/en\/wp-json\/wp\/v2\/tags?post=4423"}],"curies":[{"name":"wp","href":"https:\/\/api.w.org\/{rel}","templated":true}]}}