{"id":4634,"date":"2021-10-31T13:22:40","date_gmt":"2021-10-31T12:22:40","guid":{"rendered":"https:\/\/www.mariazell-wienerwald.at\/?p=4634"},"modified":"2021-11-04T17:20:00","modified_gmt":"2021-11-04T16:20:00","slug":"schatzkammer-hafnerberg-eroeffnung-5-11-2021","status":"publish","type":"post","link":"https:\/\/www.mariazell-wienerwald.at\/en\/schatzkammer-hafnerberg-eroeffnung-5-11-2021\/","title":{"rendered":"Schatzkammer Hafnerberg &#8211; Er\u00f6ffnung (5.11.2021)"},"content":{"rendered":"<p>Am Freitag, 5. November 2021, wird im Rahmen des Er\u00f6ffnungskonzerts des <a href=\"https:\/\/www.cellensis.at\" target=\"_blank\" rel=\"noopener\">Musikfestivals &#8222;Cellensis&#8220;<\/a> die Schatzkammer Hafnerberg feierlich er\u00f6ffnet.<\/p>\n<p>Nach \u00fcber zwei Jahren Arbeit konnte nun in der Wallfahrtskirche ein neuer Ort des Erlebens, Staunens und der Freude \u00fcber Kunst, Kultur und Fr\u00f6mmigkeit der Barockzeit geschaffen werden.<\/p>\n<p>\u00d6ffentlich besichtigt kann das neue Schmuckk\u00e4stchen in Form eines Probebetriebs im November 2021 immer an Sonntagen zwischen 11.00 und 14.00 Uhr.<\/p>\n<p><a href=\"https:\/\/www.mariazell-wienerwald.at\/en\/bauwerke\/schatzkammer\/\" target=\"_blank\" rel=\"noopener\">N\u00e4here Infos finden Sie HIER.<\/a><\/p>","protected":false},"excerpt":{"rendered":"<p>Am Freitag, 5. November 2021, wird im Rahmen des Er\u00f6ffnungskonzerts des Musikfestivals &#8222;Cellensis&#8220; die Schatzkammer Hafnerberg feierlich er\u00f6ffnet. Nach \u00fcber zwei Jahren Arbeit konnte nun in der Wallfahrtskirche ein neuer Ort des Erlebens, Staunens und der Freude \u00fcber Kunst, Kultur und Fr\u00f6mmigkeit der Barockzeit geschaffen werden. \u00d6ffentlich besichtigt kann das neue Schmuckk\u00e4stchen in Form eines [&hellip;]<\/p>","protected":false},"author":3,"featured_media":4587,"comment_status":"open","ping_status":"open","sticky":false,"template":"","format":"standard","meta":{"_acf_changed":false,"footnotes":""},"categories":[1],"tags":[],"class_list":["post-4634","post","type-post","status-publish","format-standard","has-post-thumbnail","hentry","category-allgemein"],"acf":[],"yoast_head":"<!-- This site is optimized with the Yoast SEO plugin v23.1 - https:\/\/yoast.com\/wordpress\/plugins\/seo\/ -->\n<title>Schatzkammer Hafnerberg - Er\u00f6ffnung (5.11.2021) - Mariazell im Wienerwald<\/title>\n<meta name=\"robots\" content=\"index, follow, max-snippet:-1, max-image-preview:large, max-video-preview:-1\" \/>\n<link rel=\"canonical\" href=\"https:\/\/www.mariazell-wienerwald.at\/en\/schatzkammer-hafnerberg-eroeffnung-5-11-2021\/\" \/>\n<meta property=\"og:locale\" content=\"en_US\" \/>\n<meta property=\"og:type\" content=\"article\" \/>\n<meta property=\"og:title\" content=\"Schatzkammer Hafnerberg - Er\u00f6ffnung (5.11.2021) - Mariazell im Wienerwald\" \/>\n<meta property=\"og:description\" content=\"Am Freitag, 5. November 2021, wird im Rahmen des Er\u00f6ffnungskonzerts des Musikfestivals &#8222;Cellensis&#8220; die Schatzkammer Hafnerberg feierlich er\u00f6ffnet. Nach \u00fcber zwei Jahren Arbeit konnte nun in der Wallfahrtskirche ein neuer Ort des Erlebens, Staunens und der Freude \u00fcber Kunst, Kultur und Fr\u00f6mmigkeit der Barockzeit geschaffen werden. \u00d6ffentlich besichtigt kann das neue Schmuckk\u00e4stchen in Form eines [&hellip;]\" \/>\n<meta property=\"og:url\" content=\"https:\/\/www.mariazell-wienerwald.at\/en\/schatzkammer-hafnerberg-eroeffnung-5-11-2021\/\" \/>\n<meta property=\"og:site_name\" content=\"Mariazell im Wienerwald\" \/>\n<meta property=\"article:published_time\" content=\"2021-10-31T12:22:40+00:00\" \/>\n<meta property=\"article:modified_time\" content=\"2021-11-04T16:20:00+00:00\" \/>\n<meta property=\"og:image\" content=\"https:\/\/www.mariazell-wienerwald.at\/wp-content\/uploads\/2021\/10\/Jonas-e1635677769695.jpg\" \/>\n\t<meta property=\"og:image:width\" content=\"1270\" \/>\n\t<meta property=\"og:image:height\" content=\"590\" \/>\n\t<meta property=\"og:image:type\" content=\"image\/jpeg\" \/>\n<meta name=\"author\" content=\"Thomas Aigner\" \/>\n<meta name=\"twitter:card\" content=\"summary_large_image\" \/>\n<meta name=\"twitter:label1\" content=\"Written by\" \/>\n\t<meta name=\"twitter:data1\" content=\"Thomas Aigner\" \/>\n<script type=\"application\/ld+json\" class=\"yoast-schema-graph\">{\"@context\":\"https:\/\/schema.org\",\"@graph\":[{\"@type\":\"WebPage\",\"@id\":\"https:\/\/www.mariazell-wienerwald.at\/schatzkammer-hafnerberg-eroeffnung-5-11-2021\/\",\"url\":\"https:\/\/www.mariazell-wienerwald.at\/schatzkammer-hafnerberg-eroeffnung-5-11-2021\/\",\"name\":\"Schatzkammer Hafnerberg - Er\u00f6ffnung (5.11.2021) - Mariazell im Wienerwald\",\"isPartOf\":{\"@id\":\"https:\/\/www.mariazell-wienerwald.at\/#website\"},\"primaryImageOfPage\":{\"@id\":\"https:\/\/www.mariazell-wienerwald.at\/schatzkammer-hafnerberg-eroeffnung-5-11-2021\/#primaryimage\"},\"image\":{\"@id\":\"https:\/\/www.mariazell-wienerwald.at\/schatzkammer-hafnerberg-eroeffnung-5-11-2021\/#primaryimage\"},\"thumbnailUrl\":\"https:\/\/www.mariazell-wienerwald.at\/wp-content\/uploads\/2021\/10\/Jonas-e1635677769695.jpg\",\"datePublished\":\"2021-10-31T12:22:40+00:00\",\"dateModified\":\"2021-11-04T16:20:00+00:00\",\"author\":{\"@id\":\"https:\/\/www.mariazell-wienerwald.at\/#\/schema\/person\/8aa8609a154a15cf2e659bc8d1b8cc68\"},\"breadcrumb\":{\"@id\":\"https:\/\/www.mariazell-wienerwald.at\/schatzkammer-hafnerberg-eroeffnung-5-11-2021\/#breadcrumb\"},\"inLanguage\":\"en-US\",\"potentialAction\":[{\"@type\":\"ReadAction\",\"target\":[\"https:\/\/www.mariazell-wienerwald.at\/schatzkammer-hafnerberg-eroeffnung-5-11-2021\/\"]}]},{\"@type\":\"ImageObject\",\"inLanguage\":\"en-US\",\"@id\":\"https:\/\/www.mariazell-wienerwald.at\/schatzkammer-hafnerberg-eroeffnung-5-11-2021\/#primaryimage\",\"url\":\"https:\/\/www.mariazell-wienerwald.at\/wp-content\/uploads\/2021\/10\/Jonas-e1635677769695.jpg\",\"contentUrl\":\"https:\/\/www.mariazell-wienerwald.at\/wp-content\/uploads\/2021\/10\/Jonas-e1635677769695.jpg\",\"width\":1270,\"height\":590},{\"@type\":\"BreadcrumbList\",\"@id\":\"https:\/\/www.mariazell-wienerwald.at\/schatzkammer-hafnerberg-eroeffnung-5-11-2021\/#breadcrumb\",\"itemListElement\":[{\"@type\":\"ListItem\",\"position\":1,\"name\":\"Startseite\",\"item\":\"https:\/\/www.mariazell-wienerwald.at\/\"},{\"@type\":\"ListItem\",\"position\":2,\"name\":\"Schatzkammer Hafnerberg &#8211; Er\u00f6ffnung (5.11.2021)\"}]},{\"@type\":\"WebSite\",\"@id\":\"https:\/\/www.mariazell-wienerwald.at\/#website\",\"url\":\"https:\/\/www.mariazell-wienerwald.at\/\",\"name\":\"Mariazell im Wienerwald\",\"description\":\"\",\"potentialAction\":[{\"@type\":\"SearchAction\",\"target\":{\"@type\":\"EntryPoint\",\"urlTemplate\":\"https:\/\/www.mariazell-wienerwald.at\/?s={search_term_string}\"},\"query-input\":\"required name=search_term_string\"}],\"inLanguage\":\"en-US\"},{\"@type\":\"Person\",\"@id\":\"https:\/\/www.mariazell-wienerwald.at\/#\/schema\/person\/8aa8609a154a15cf2e659bc8d1b8cc68\",\"name\":\"Thomas Aigner\",\"image\":{\"@type\":\"ImageObject\",\"inLanguage\":\"en-US\",\"@id\":\"https:\/\/www.mariazell-wienerwald.at\/#\/schema\/person\/image\/\",\"url\":\"https:\/\/secure.gravatar.com\/avatar\/3036fba9b4bba76d18c9c1c1a271e447?s=96&d=mm&r=g\",\"contentUrl\":\"https:\/\/secure.gravatar.com\/avatar\/3036fba9b4bba76d18c9c1c1a271e447?s=96&d=mm&r=g\",\"caption\":\"Thomas Aigner\"},\"url\":\"https:\/\/www.mariazell-wienerwald.at\/en\/author\/thomas-aigner\/\"}]}<\/script>\n<!-- \/ Yoast SEO plugin. -->","yoast_head_json":{"title":"Schatzkammer Hafnerberg - Er\u00f6ffnung (5.11.2021) - Mariazell im Wienerwald","robots":{"index":"index","follow":"follow","max-snippet":"max-snippet:-1","max-image-preview":"max-image-preview:large","max-video-preview":"max-video-preview:-1"},"canonical":"https:\/\/www.mariazell-wienerwald.at\/en\/schatzkammer-hafnerberg-eroeffnung-5-11-2021\/","og_locale":"en_US","og_type":"article","og_title":"Schatzkammer Hafnerberg - Er\u00f6ffnung (5.11.2021) - Mariazell im Wienerwald","og_description":"Am Freitag, 5. November 2021, wird im Rahmen des Er\u00f6ffnungskonzerts des Musikfestivals &#8222;Cellensis&#8220; die Schatzkammer Hafnerberg feierlich er\u00f6ffnet. Nach \u00fcber zwei Jahren Arbeit konnte nun in der Wallfahrtskirche ein neuer Ort des Erlebens, Staunens und der Freude \u00fcber Kunst, Kultur und Fr\u00f6mmigkeit der Barockzeit geschaffen werden. \u00d6ffentlich besichtigt kann das neue Schmuckk\u00e4stchen in Form eines [&hellip;]","og_url":"https:\/\/www.mariazell-wienerwald.at\/en\/schatzkammer-hafnerberg-eroeffnung-5-11-2021\/","og_site_name":"Mariazell im Wienerwald","article_published_time":"2021-10-31T12:22:40+00:00","article_modified_time":"2021-11-04T16:20:00+00:00","og_image":[{"width":1270,"height":590,"url":"https:\/\/www.mariazell-wienerwald.at\/wp-content\/uploads\/2021\/10\/Jonas-e1635677769695.jpg","type":"image\/jpeg"}],"author":"Thomas Aigner","twitter_card":"summary_large_image","twitter_misc":{"Written by":"Thomas Aigner"},"schema":{"@context":"https:\/\/schema.org","@graph":[{"@type":"WebPage","@id":"https:\/\/www.mariazell-wienerwald.at\/schatzkammer-hafnerberg-eroeffnung-5-11-2021\/","url":"https:\/\/www.mariazell-wienerwald.at\/schatzkammer-hafnerberg-eroeffnung-5-11-2021\/","name":"Schatzkammer Hafnerberg - Er\u00f6ffnung (5.11.2021) - Mariazell im Wienerwald","isPartOf":{"@id":"https:\/\/www.mariazell-wienerwald.at\/#website"},"primaryImageOfPage":{"@id":"https:\/\/www.mariazell-wienerwald.at\/schatzkammer-hafnerberg-eroeffnung-5-11-2021\/#primaryimage"},"image":{"@id":"https:\/\/www.mariazell-wienerwald.at\/schatzkammer-hafnerberg-eroeffnung-5-11-2021\/#primaryimage"},"thumbnailUrl":"https:\/\/www.mariazell-wienerwald.at\/wp-content\/uploads\/2021\/10\/Jonas-e1635677769695.jpg","datePublished":"2021-10-31T12:22:40+00:00","dateModified":"2021-11-04T16:20:00+00:00","author":{"@id":"https:\/\/www.mariazell-wienerwald.at\/#\/schema\/person\/8aa8609a154a15cf2e659bc8d1b8cc68"},"breadcrumb":{"@id":"https:\/\/www.mariazell-wienerwald.at\/schatzkammer-hafnerberg-eroeffnung-5-11-2021\/#breadcrumb"},"inLanguage":"en-US","potentialAction":[{"@type":"ReadAction","target":["https:\/\/www.mariazell-wienerwald.at\/schatzkammer-hafnerberg-eroeffnung-5-11-2021\/"]}]},{"@type":"ImageObject","inLanguage":"en-US","@id":"https:\/\/www.mariazell-wienerwald.at\/schatzkammer-hafnerberg-eroeffnung-5-11-2021\/#primaryimage","url":"https:\/\/www.mariazell-wienerwald.at\/wp-content\/uploads\/2021\/10\/Jonas-e1635677769695.jpg","contentUrl":"https:\/\/www.mariazell-wienerwald.at\/wp-content\/uploads\/2021\/10\/Jonas-e1635677769695.jpg","width":1270,"height":590},{"@type":"BreadcrumbList","@id":"https:\/\/www.mariazell-wienerwald.at\/schatzkammer-hafnerberg-eroeffnung-5-11-2021\/#breadcrumb","itemListElement":[{"@type":"ListItem","position":1,"name":"Startseite","item":"https:\/\/www.mariazell-wienerwald.at\/"},{"@type":"ListItem","position":2,"name":"Schatzkammer Hafnerberg &#8211; Er\u00f6ffnung (5.11.2021)"}]},{"@type":"WebSite","@id":"https:\/\/www.mariazell-wienerwald.at\/#website","url":"https:\/\/www.mariazell-wienerwald.at\/","name":"Mariazell im Wienerwald","description":"","potentialAction":[{"@type":"SearchAction","target":{"@type":"EntryPoint","urlTemplate":"https:\/\/www.mariazell-wienerwald.at\/?s={search_term_string}"},"query-input":"required name=search_term_string"}],"inLanguage":"en-US"},{"@type":"Person","@id":"https:\/\/www.mariazell-wienerwald.at\/#\/schema\/person\/8aa8609a154a15cf2e659bc8d1b8cc68","name":"Thomas Aigner","image":{"@type":"ImageObject","inLanguage":"en-US","@id":"https:\/\/www.mariazell-wienerwald.at\/#\/schema\/person\/image\/","url":"https:\/\/secure.gravatar.com\/avatar\/3036fba9b4bba76d18c9c1c1a271e447?s=96&d=mm&r=g","contentUrl":"https:\/\/secure.gravatar.com\/avatar\/3036fba9b4bba76d18c9c1c1a271e447?s=96&d=mm&r=g","caption":"Thomas Aigner"},"url":"https:\/\/www.mariazell-wienerwald.at\/en\/author\/thomas-aigner\/"}]}},"_links":{"self":[{"href":"https:\/\/www.mariazell-wienerwald.at\/en\/wp-json\/wp\/v2\/posts\/4634"}],"collection":[{"href":"https:\/\/www.mariazell-wienerwald.at\/en\/wp-json\/wp\/v2\/posts"}],"about":[{"href":"https:\/\/www.mariazell-wienerwald.at\/en\/wp-json\/wp\/v2\/types\/post"}],"author":[{"embeddable":true,"href":"https:\/\/www.mariazell-wienerwald.at\/en\/wp-json\/wp\/v2\/users\/3"}],"replies":[{"embeddable":true,"href":"https:\/\/www.mariazell-wienerwald.at\/en\/wp-json\/wp\/v2\/comments?post=4634"}],"version-history":[{"count":5,"href":"https:\/\/www.mariazell-wienerwald.at\/en\/wp-json\/wp\/v2\/posts\/4634\/revisions"}],"predecessor-version":[{"id":4706,"href":"https:\/\/www.mariazell-wienerwald.at\/en\/wp-json\/wp\/v2\/posts\/4634\/revisions\/4706"}],"wp:featuredmedia":[{"embeddable":true,"href":"https:\/\/www.mariazell-wienerwald.at\/en\/wp-json\/wp\/v2\/media\/4587"}],"wp:attachment":[{"href":"https:\/\/www.mariazell-wienerwald.at\/en\/wp-json\/wp\/v2\/media?parent=4634"}],"wp:term":[{"taxonomy":"category","embeddable":true,"href":"https:\/\/www.mariazell-wienerwald.at\/en\/wp-json\/wp\/v2\/categories?post=4634"},{"taxonomy":"post_tag","embeddable":true,"href":"https:\/\/www.mariazell-wienerwald.at\/en\/wp-json\/wp\/v2\/tags?post=4634"}],"curies":[{"name":"wp","href":"https:\/\/api.w.org\/{rel}","templated":true}]}}