{"id":5219,"date":"2022-09-22T10:40:37","date_gmt":"2022-09-22T08:40:37","guid":{"rendered":"https:\/\/www.mariazell-wienerwald.at\/?p=5219"},"modified":"2022-09-22T10:40:37","modified_gmt":"2022-09-22T08:40:37","slug":"7-oktober-2022-kulturstammtisch-der-region-in-kaumberg","status":"publish","type":"post","link":"https:\/\/www.mariazell-wienerwald.at\/en\/7-oktober-2022-kulturstammtisch-der-region-in-kaumberg\/","title":{"rendered":"7. Oktober 2022: Kulturstammtisch der Region in Kaumberg"},"content":{"rendered":"<p>Am 7. Oktober 2022 geht es weiter mit den Kulturstammtischen unserer Region, diesmal in Kaumberg mit einer spannenden Diskussion \u00fcber das Ritter-Geschlecht der Arberger.<\/p>\n<p>Diese waren nicht nur f\u00fcr Kaumberg von Bedeutung, sondern f\u00fcr die gesamte Region, wie etwa auch f\u00fcr Weissenbach, wo sie im 14. Jh. eine M\u00fchle besa\u00dfen.<\/p>\n<p><strong><a href=\"https:\/\/www.mariazell-wienerwald.at\/en\/veranstaltungen\/7-kulturstammtisch-der-region-mariazell-im-wienerwald-kaumberg\/\" target=\"_blank\" rel=\"noopener\">Weitere Infos<\/a> <\/strong><\/p>","protected":false},"excerpt":{"rendered":"<p>Am 7. Oktober 2022 geht es weiter mit den Kulturstammtischen unserer Region, diesmal in Kaumberg mit einer spannenden Diskussion \u00fcber das Ritter-Geschlecht der Arberger. Diese waren nicht nur f\u00fcr Kaumberg von Bedeutung, sondern f\u00fcr die gesamte Region, wie etwa auch f\u00fcr Weissenbach, wo sie im 14. Jh. eine M\u00fchle besa\u00dfen. Weitere Infos<\/p>","protected":false},"author":3,"featured_media":1370,"comment_status":"open","ping_status":"open","sticky":false,"template":"","format":"standard","meta":{"_acf_changed":false,"footnotes":""},"categories":[1],"tags":[],"class_list":["post-5219","post","type-post","status-publish","format-standard","has-post-thumbnail","hentry","category-allgemein"],"acf":[],"yoast_head":"<!-- This site is optimized with the Yoast SEO plugin v23.1 - https:\/\/yoast.com\/wordpress\/plugins\/seo\/ -->\n<title>7. Oktober 2022: Kulturstammtisch der Region in Kaumberg - Mariazell im Wienerwald<\/title>\n<meta name=\"robots\" content=\"index, follow, max-snippet:-1, max-image-preview:large, max-video-preview:-1\" \/>\n<link rel=\"canonical\" href=\"https:\/\/www.mariazell-wienerwald.at\/en\/7-oktober-2022-kulturstammtisch-der-region-in-kaumberg\/\" \/>\n<meta property=\"og:locale\" content=\"en_US\" \/>\n<meta property=\"og:type\" content=\"article\" \/>\n<meta property=\"og:title\" content=\"7. Oktober 2022: Kulturstammtisch der Region in Kaumberg - Mariazell im Wienerwald\" \/>\n<meta property=\"og:description\" content=\"Am 7. Oktober 2022 geht es weiter mit den Kulturstammtischen unserer Region, diesmal in Kaumberg mit einer spannenden Diskussion \u00fcber das Ritter-Geschlecht der Arberger. Diese waren nicht nur f\u00fcr Kaumberg von Bedeutung, sondern f\u00fcr die gesamte Region, wie etwa auch f\u00fcr Weissenbach, wo sie im 14. Jh. eine M\u00fchle besa\u00dfen. Weitere Infos\" \/>\n<meta property=\"og:url\" content=\"https:\/\/www.mariazell-wienerwald.at\/en\/7-oktober-2022-kulturstammtisch-der-region-in-kaumberg\/\" \/>\n<meta property=\"og:site_name\" content=\"Mariazell im Wienerwald\" \/>\n<meta property=\"article:published_time\" content=\"2022-09-22T08:40:37+00:00\" \/>\n<meta property=\"og:image\" content=\"https:\/\/www.mariazell-wienerwald.at\/wp-content\/uploads\/2020\/03\/Araburg-header.jpg\" \/>\n\t<meta property=\"og:image:width\" content=\"2000\" \/>\n\t<meta property=\"og:image:height\" content=\"590\" \/>\n\t<meta property=\"og:image:type\" content=\"image\/jpeg\" \/>\n<meta name=\"author\" content=\"Thomas Aigner\" \/>\n<meta name=\"twitter:card\" content=\"summary_large_image\" \/>\n<meta name=\"twitter:label1\" content=\"Written by\" \/>\n\t<meta name=\"twitter:data1\" content=\"Thomas Aigner\" \/>\n\t<meta name=\"twitter:label2\" content=\"Est. reading time\" \/>\n\t<meta name=\"twitter:data2\" content=\"1 minute\" \/>\n<script type=\"application\/ld+json\" class=\"yoast-schema-graph\">{\"@context\":\"https:\/\/schema.org\",\"@graph\":[{\"@type\":\"WebPage\",\"@id\":\"https:\/\/www.mariazell-wienerwald.at\/7-oktober-2022-kulturstammtisch-der-region-in-kaumberg\/\",\"url\":\"https:\/\/www.mariazell-wienerwald.at\/7-oktober-2022-kulturstammtisch-der-region-in-kaumberg\/\",\"name\":\"7. Oktober 2022: Kulturstammtisch der Region in Kaumberg - Mariazell im Wienerwald\",\"isPartOf\":{\"@id\":\"https:\/\/www.mariazell-wienerwald.at\/#website\"},\"primaryImageOfPage\":{\"@id\":\"https:\/\/www.mariazell-wienerwald.at\/7-oktober-2022-kulturstammtisch-der-region-in-kaumberg\/#primaryimage\"},\"image\":{\"@id\":\"https:\/\/www.mariazell-wienerwald.at\/7-oktober-2022-kulturstammtisch-der-region-in-kaumberg\/#primaryimage\"},\"thumbnailUrl\":\"https:\/\/www.mariazell-wienerwald.at\/wp-content\/uploads\/2020\/03\/Araburg-header.jpg\",\"datePublished\":\"2022-09-22T08:40:37+00:00\",\"dateModified\":\"2022-09-22T08:40:37+00:00\",\"author\":{\"@id\":\"https:\/\/www.mariazell-wienerwald.at\/#\/schema\/person\/8aa8609a154a15cf2e659bc8d1b8cc68\"},\"breadcrumb\":{\"@id\":\"https:\/\/www.mariazell-wienerwald.at\/7-oktober-2022-kulturstammtisch-der-region-in-kaumberg\/#breadcrumb\"},\"inLanguage\":\"en-US\",\"potentialAction\":[{\"@type\":\"ReadAction\",\"target\":[\"https:\/\/www.mariazell-wienerwald.at\/7-oktober-2022-kulturstammtisch-der-region-in-kaumberg\/\"]}]},{\"@type\":\"ImageObject\",\"inLanguage\":\"en-US\",\"@id\":\"https:\/\/www.mariazell-wienerwald.at\/7-oktober-2022-kulturstammtisch-der-region-in-kaumberg\/#primaryimage\",\"url\":\"https:\/\/www.mariazell-wienerwald.at\/wp-content\/uploads\/2020\/03\/Araburg-header.jpg\",\"contentUrl\":\"https:\/\/www.mariazell-wienerwald.at\/wp-content\/uploads\/2020\/03\/Araburg-header.jpg\",\"width\":2000,\"height\":590},{\"@type\":\"BreadcrumbList\",\"@id\":\"https:\/\/www.mariazell-wienerwald.at\/7-oktober-2022-kulturstammtisch-der-region-in-kaumberg\/#breadcrumb\",\"itemListElement\":[{\"@type\":\"ListItem\",\"position\":1,\"name\":\"Startseite\",\"item\":\"https:\/\/www.mariazell-wienerwald.at\/\"},{\"@type\":\"ListItem\",\"position\":2,\"name\":\"7. Oktober 2022: Kulturstammtisch der Region in Kaumberg\"}]},{\"@type\":\"WebSite\",\"@id\":\"https:\/\/www.mariazell-wienerwald.at\/#website\",\"url\":\"https:\/\/www.mariazell-wienerwald.at\/\",\"name\":\"Mariazell im Wienerwald\",\"description\":\"\",\"potentialAction\":[{\"@type\":\"SearchAction\",\"target\":{\"@type\":\"EntryPoint\",\"urlTemplate\":\"https:\/\/www.mariazell-wienerwald.at\/?s={search_term_string}\"},\"query-input\":\"required name=search_term_string\"}],\"inLanguage\":\"en-US\"},{\"@type\":\"Person\",\"@id\":\"https:\/\/www.mariazell-wienerwald.at\/#\/schema\/person\/8aa8609a154a15cf2e659bc8d1b8cc68\",\"name\":\"Thomas Aigner\",\"image\":{\"@type\":\"ImageObject\",\"inLanguage\":\"en-US\",\"@id\":\"https:\/\/www.mariazell-wienerwald.at\/#\/schema\/person\/image\/\",\"url\":\"https:\/\/secure.gravatar.com\/avatar\/3036fba9b4bba76d18c9c1c1a271e447?s=96&d=mm&r=g\",\"contentUrl\":\"https:\/\/secure.gravatar.com\/avatar\/3036fba9b4bba76d18c9c1c1a271e447?s=96&d=mm&r=g\",\"caption\":\"Thomas Aigner\"},\"url\":\"https:\/\/www.mariazell-wienerwald.at\/en\/author\/thomas-aigner\/\"}]}<\/script>\n<!-- \/ Yoast SEO plugin. -->","yoast_head_json":{"title":"7. Oktober 2022: Kulturstammtisch der Region in Kaumberg - Mariazell im Wienerwald","robots":{"index":"index","follow":"follow","max-snippet":"max-snippet:-1","max-image-preview":"max-image-preview:large","max-video-preview":"max-video-preview:-1"},"canonical":"https:\/\/www.mariazell-wienerwald.at\/en\/7-oktober-2022-kulturstammtisch-der-region-in-kaumberg\/","og_locale":"en_US","og_type":"article","og_title":"7. Oktober 2022: Kulturstammtisch der Region in Kaumberg - Mariazell im Wienerwald","og_description":"Am 7. Oktober 2022 geht es weiter mit den Kulturstammtischen unserer Region, diesmal in Kaumberg mit einer spannenden Diskussion \u00fcber das Ritter-Geschlecht der Arberger. Diese waren nicht nur f\u00fcr Kaumberg von Bedeutung, sondern f\u00fcr die gesamte Region, wie etwa auch f\u00fcr Weissenbach, wo sie im 14. Jh. eine M\u00fchle besa\u00dfen. Weitere Infos","og_url":"https:\/\/www.mariazell-wienerwald.at\/en\/7-oktober-2022-kulturstammtisch-der-region-in-kaumberg\/","og_site_name":"Mariazell im Wienerwald","article_published_time":"2022-09-22T08:40:37+00:00","og_image":[{"width":2000,"height":590,"url":"https:\/\/www.mariazell-wienerwald.at\/wp-content\/uploads\/2020\/03\/Araburg-header.jpg","type":"image\/jpeg"}],"author":"Thomas Aigner","twitter_card":"summary_large_image","twitter_misc":{"Written by":"Thomas Aigner","Est. reading time":"1 minute"},"schema":{"@context":"https:\/\/schema.org","@graph":[{"@type":"WebPage","@id":"https:\/\/www.mariazell-wienerwald.at\/7-oktober-2022-kulturstammtisch-der-region-in-kaumberg\/","url":"https:\/\/www.mariazell-wienerwald.at\/7-oktober-2022-kulturstammtisch-der-region-in-kaumberg\/","name":"7. Oktober 2022: Kulturstammtisch der Region in Kaumberg - Mariazell im Wienerwald","isPartOf":{"@id":"https:\/\/www.mariazell-wienerwald.at\/#website"},"primaryImageOfPage":{"@id":"https:\/\/www.mariazell-wienerwald.at\/7-oktober-2022-kulturstammtisch-der-region-in-kaumberg\/#primaryimage"},"image":{"@id":"https:\/\/www.mariazell-wienerwald.at\/7-oktober-2022-kulturstammtisch-der-region-in-kaumberg\/#primaryimage"},"thumbnailUrl":"https:\/\/www.mariazell-wienerwald.at\/wp-content\/uploads\/2020\/03\/Araburg-header.jpg","datePublished":"2022-09-22T08:40:37+00:00","dateModified":"2022-09-22T08:40:37+00:00","author":{"@id":"https:\/\/www.mariazell-wienerwald.at\/#\/schema\/person\/8aa8609a154a15cf2e659bc8d1b8cc68"},"breadcrumb":{"@id":"https:\/\/www.mariazell-wienerwald.at\/7-oktober-2022-kulturstammtisch-der-region-in-kaumberg\/#breadcrumb"},"inLanguage":"en-US","potentialAction":[{"@type":"ReadAction","target":["https:\/\/www.mariazell-wienerwald.at\/7-oktober-2022-kulturstammtisch-der-region-in-kaumberg\/"]}]},{"@type":"ImageObject","inLanguage":"en-US","@id":"https:\/\/www.mariazell-wienerwald.at\/7-oktober-2022-kulturstammtisch-der-region-in-kaumberg\/#primaryimage","url":"https:\/\/www.mariazell-wienerwald.at\/wp-content\/uploads\/2020\/03\/Araburg-header.jpg","contentUrl":"https:\/\/www.mariazell-wienerwald.at\/wp-content\/uploads\/2020\/03\/Araburg-header.jpg","width":2000,"height":590},{"@type":"BreadcrumbList","@id":"https:\/\/www.mariazell-wienerwald.at\/7-oktober-2022-kulturstammtisch-der-region-in-kaumberg\/#breadcrumb","itemListElement":[{"@type":"ListItem","position":1,"name":"Startseite","item":"https:\/\/www.mariazell-wienerwald.at\/"},{"@type":"ListItem","position":2,"name":"7. Oktober 2022: Kulturstammtisch der Region in Kaumberg"}]},{"@type":"WebSite","@id":"https:\/\/www.mariazell-wienerwald.at\/#website","url":"https:\/\/www.mariazell-wienerwald.at\/","name":"Mariazell im Wienerwald","description":"","potentialAction":[{"@type":"SearchAction","target":{"@type":"EntryPoint","urlTemplate":"https:\/\/www.mariazell-wienerwald.at\/?s={search_term_string}"},"query-input":"required name=search_term_string"}],"inLanguage":"en-US"},{"@type":"Person","@id":"https:\/\/www.mariazell-wienerwald.at\/#\/schema\/person\/8aa8609a154a15cf2e659bc8d1b8cc68","name":"Thomas Aigner","image":{"@type":"ImageObject","inLanguage":"en-US","@id":"https:\/\/www.mariazell-wienerwald.at\/#\/schema\/person\/image\/","url":"https:\/\/secure.gravatar.com\/avatar\/3036fba9b4bba76d18c9c1c1a271e447?s=96&d=mm&r=g","contentUrl":"https:\/\/secure.gravatar.com\/avatar\/3036fba9b4bba76d18c9c1c1a271e447?s=96&d=mm&r=g","caption":"Thomas Aigner"},"url":"https:\/\/www.mariazell-wienerwald.at\/en\/author\/thomas-aigner\/"}]}},"_links":{"self":[{"href":"https:\/\/www.mariazell-wienerwald.at\/en\/wp-json\/wp\/v2\/posts\/5219"}],"collection":[{"href":"https:\/\/www.mariazell-wienerwald.at\/en\/wp-json\/wp\/v2\/posts"}],"about":[{"href":"https:\/\/www.mariazell-wienerwald.at\/en\/wp-json\/wp\/v2\/types\/post"}],"author":[{"embeddable":true,"href":"https:\/\/www.mariazell-wienerwald.at\/en\/wp-json\/wp\/v2\/users\/3"}],"replies":[{"embeddable":true,"href":"https:\/\/www.mariazell-wienerwald.at\/en\/wp-json\/wp\/v2\/comments?post=5219"}],"version-history":[{"count":1,"href":"https:\/\/www.mariazell-wienerwald.at\/en\/wp-json\/wp\/v2\/posts\/5219\/revisions"}],"predecessor-version":[{"id":5220,"href":"https:\/\/www.mariazell-wienerwald.at\/en\/wp-json\/wp\/v2\/posts\/5219\/revisions\/5220"}],"wp:featuredmedia":[{"embeddable":true,"href":"https:\/\/www.mariazell-wienerwald.at\/en\/wp-json\/wp\/v2\/media\/1370"}],"wp:attachment":[{"href":"https:\/\/www.mariazell-wienerwald.at\/en\/wp-json\/wp\/v2\/media?parent=5219"}],"wp:term":[{"taxonomy":"category","embeddable":true,"href":"https:\/\/www.mariazell-wienerwald.at\/en\/wp-json\/wp\/v2\/categories?post=5219"},{"taxonomy":"post_tag","embeddable":true,"href":"https:\/\/www.mariazell-wienerwald.at\/en\/wp-json\/wp\/v2\/tags?post=5219"}],"curies":[{"name":"wp","href":"https:\/\/api.w.org\/{rel}","templated":true}]}}