{"id":5541,"date":"2023-05-05T08:47:23","date_gmt":"2023-05-05T06:47:23","guid":{"rendered":"https:\/\/www.mariazell-wienerwald.at\/?p=5541"},"modified":"2023-05-16T19:09:08","modified_gmt":"2023-05-16T17:09:08","slug":"neuer-themenweg-in-st-corona","status":"publish","type":"post","link":"https:\/\/www.mariazell-wienerwald.at\/en\/neuer-themenweg-in-st-corona\/","title":{"rendered":"Neuer Themenweg in St. Corona"},"content":{"rendered":"<div data-elementor-type=\"wp-post\" data-elementor-id=\"5541\" class=\"elementor elementor-5541\" data-elementor-post-type=\"post\">\n\t\t\t\t\t\t<section class=\"elementor-section elementor-top-section elementor-element elementor-element-194385c elementor-section-boxed elementor-section-height-default elementor-section-height-default\" data-id=\"194385c\" data-element_type=\"section\" data-settings=\"{&quot;jet_parallax_layout_list&quot;:[]}\">\n\t\t\t\t\t\t<div class=\"elementor-container elementor-column-gap-default\">\n\t\t\t\t\t<div class=\"elementor-column elementor-col-100 elementor-top-column elementor-element elementor-element-2a570c4b\" data-id=\"2a570c4b\" data-element_type=\"column\">\n\t\t\t<div class=\"elementor-widget-wrap elementor-element-populated\">\n\t\t\t\t\t\t<div class=\"elementor-element elementor-element-3cf2ef97 elementor-widget elementor-widget-text-editor\" data-id=\"3cf2ef97\" data-element_type=\"widget\" data-widget_type=\"text-editor.default\">\n\t\t\t\t<div class=\"elementor-widget-container\">\n\t\t\t\t\t\t\t<p><img fetchpriority=\"high\" decoding=\"async\" class=\"wp-image-5474 alignright\" src=\"https:\/\/www.mariazell-wienerwald.at\/wp-content\/uploads\/2023\/04\/HlBrunnen_Cut-1024x604.jpg\" alt=\"\" width=\"437\" height=\"258\" srcset=\"https:\/\/www.mariazell-wienerwald.at\/wp-content\/uploads\/2023\/04\/HlBrunnen_Cut-1024x604.jpg 1024w, https:\/\/www.mariazell-wienerwald.at\/wp-content\/uploads\/2023\/04\/HlBrunnen_Cut-300x177.jpg 300w, https:\/\/www.mariazell-wienerwald.at\/wp-content\/uploads\/2023\/04\/HlBrunnen_Cut-768x453.jpg 768w, https:\/\/www.mariazell-wienerwald.at\/wp-content\/uploads\/2023\/04\/HlBrunnen_Cut-18x12.jpg 18w, https:\/\/www.mariazell-wienerwald.at\/wp-content\/uploads\/2023\/04\/HlBrunnen_Cut-600x354.jpg 600w, https:\/\/www.mariazell-wienerwald.at\/wp-content\/uploads\/2023\/04\/HlBrunnen_Cut.jpg 1147w\" sizes=\"(max-width: 437px) 100vw, 437px\" \/><\/p>\n<p>Am <b>28. Mai 2023<\/b> \u00f6ffnet der neue historische Rundweg in St. Corona am Sch\u00f6pfl aufgrund einer wettertechnischen Verschiebung nun endg\u00fcltig seine Pforten. Spazieren Sie entlang von 12 informativen Stationen, um mehr \u00fcber die Geschichte des Ortes und ihre Holzhackertradition zu erfahren. Unternehmen Sie eine kurzweilige Zeitreise zur\u00fcck ins Jahr 1444 zur ersten Erw\u00e4hnung, zur Besiedelung des Gebietes Ende des 17. Jahrhunderts, zur Holztrift im 18. Jahrhundert und einigen weiteren historischen Ereignissen, welche die Geschichte von St. Corona am Sch\u00f6pfl zu bieten hat.<\/p>\n<p>Die feierliche Er\u00f6ffnung des Weges beim Heiligen Brunnen und die Weihe mit anschlie\u00dfender F\u00fchrung durch Kurator Mag. Martin Fuchs findet am <b>28. Mai 2023<\/b> um <b>10.00 Uhr<\/b> statt.<\/p>\n<p>Im Anschluss an die F\u00fchrung l\u00e4dt der PGR St. Corona zu einer kleinen Agape in den Pfarrkeller.<\/p>\n<p><a href=\"https:\/\/www.mariazell-wienerwald.at\/en\/museen-themenwege\/historischer-rundweg-st-corona\/\">Weitere Infos<\/a><\/p>\n<p>&nbsp;<\/p>\n<p><img decoding=\"async\" class=\"alignnone size-full wp-image-2643\" src=\"https:\/\/www.mariazell-wienerwald.at\/wp-content\/uploads\/2020\/03\/Leader.jpg\" alt=\"\" width=\"529\" height=\"100\" srcset=\"https:\/\/www.mariazell-wienerwald.at\/wp-content\/uploads\/2020\/03\/Leader.jpg 529w, https:\/\/www.mariazell-wienerwald.at\/wp-content\/uploads\/2020\/03\/Leader-300x57.jpg 300w\" sizes=\"(max-width: 529px) 100vw, 529px\" \/> <img decoding=\"async\" class=\"alignnone wp-image-2466\" src=\"https:\/\/www.mariazell-wienerwald.at\/wp-content\/uploads\/2020\/04\/leader.png\" alt=\"\" width=\"100\" height=\"93\" srcset=\"https:\/\/www.mariazell-wienerwald.at\/wp-content\/uploads\/2020\/04\/leader.png 403w, https:\/\/www.mariazell-wienerwald.at\/wp-content\/uploads\/2020\/04\/leader-300x280.png 300w\" sizes=\"(max-width: 100px) 100vw, 100px\" \/> <img loading=\"lazy\" decoding=\"async\" class=\"alignnone wp-image-2562\" src=\"https:\/\/www.mariazell-wienerwald.at\/wp-content\/uploads\/2020\/02\/Altenmarkt-Wappen.jpg\" alt=\"\" width=\"87\" height=\"87\" srcset=\"https:\/\/www.mariazell-wienerwald.at\/wp-content\/uploads\/2020\/02\/Altenmarkt-Wappen.jpg 400w, https:\/\/www.mariazell-wienerwald.at\/wp-content\/uploads\/2020\/02\/Altenmarkt-Wappen-300x300.jpg 300w, https:\/\/www.mariazell-wienerwald.at\/wp-content\/uploads\/2020\/02\/Altenmarkt-Wappen-100x100.jpg 100w, https:\/\/www.mariazell-wienerwald.at\/wp-content\/uploads\/2020\/02\/Altenmarkt-Wappen-150x150.jpg 150w\" sizes=\"(max-width: 87px) 100vw, 87px\" \/><\/p>\t\t\t\t\t\t<\/div>\n\t\t\t\t<\/div>\n\t\t\t\t\t<\/div>\n\t\t<\/div>\n\t\t\t\t\t<\/div>\n\t\t<\/section>\n\t\t\t\t<\/div>","protected":false},"excerpt":{"rendered":"<p>Am 28. Mai 2023 \u00f6ffnet der neue historische Rundweg in St. Corona am Sch\u00f6pfl aufgrund einer wettertechnischen Verschiebung nun endg\u00fcltig seine Pforten. Spazieren Sie entlang von 12 informativen Stationen, um mehr \u00fcber die Geschichte des Ortes und ihre Holzhackertradition zu erfahren. Unternehmen Sie eine kurzweilige Zeitreise zur\u00fcck ins Jahr 1444 zur ersten Erw\u00e4hnung, zur Besiedelung [&hellip;]<\/p>","protected":false},"author":3,"featured_media":0,"comment_status":"open","ping_status":"open","sticky":false,"template":"","format":"standard","meta":{"_acf_changed":false,"footnotes":""},"categories":[1],"tags":[],"class_list":["post-5541","post","type-post","status-publish","format-standard","hentry","category-allgemein"],"acf":[],"yoast_head":"<!-- This site is optimized with the Yoast SEO plugin v23.1 - https:\/\/yoast.com\/wordpress\/plugins\/seo\/ -->\n<title>Neuer Themenweg in St. Corona - Mariazell im Wienerwald<\/title>\n<meta name=\"robots\" content=\"index, follow, max-snippet:-1, max-image-preview:large, max-video-preview:-1\" \/>\n<link rel=\"canonical\" href=\"https:\/\/www.mariazell-wienerwald.at\/en\/neuer-themenweg-in-st-corona\/\" \/>\n<meta property=\"og:locale\" content=\"en_US\" \/>\n<meta property=\"og:type\" content=\"article\" \/>\n<meta property=\"og:title\" content=\"Neuer Themenweg in St. Corona - Mariazell im Wienerwald\" \/>\n<meta property=\"og:description\" content=\"Am 28. Mai 2023 \u00f6ffnet der neue historische Rundweg in St. Corona am Sch\u00f6pfl aufgrund einer wettertechnischen Verschiebung nun endg\u00fcltig seine Pforten. Spazieren Sie entlang von 12 informativen Stationen, um mehr \u00fcber die Geschichte des Ortes und ihre Holzhackertradition zu erfahren. Unternehmen Sie eine kurzweilige Zeitreise zur\u00fcck ins Jahr 1444 zur ersten Erw\u00e4hnung, zur Besiedelung [&hellip;]\" \/>\n<meta property=\"og:url\" content=\"https:\/\/www.mariazell-wienerwald.at\/en\/neuer-themenweg-in-st-corona\/\" \/>\n<meta property=\"og:site_name\" content=\"Mariazell im Wienerwald\" \/>\n<meta property=\"article:published_time\" content=\"2023-05-05T06:47:23+00:00\" \/>\n<meta property=\"article:modified_time\" content=\"2023-05-16T17:09:08+00:00\" \/>\n<meta property=\"og:image\" content=\"https:\/\/www.mariazell-wienerwald.at\/wp-content\/uploads\/2023\/04\/HlBrunnen_Cut-1024x604.jpg\" \/>\n<meta name=\"author\" content=\"Thomas Aigner\" \/>\n<meta name=\"twitter:card\" content=\"summary_large_image\" \/>\n<meta name=\"twitter:label1\" content=\"Written by\" \/>\n\t<meta name=\"twitter:data1\" content=\"Thomas Aigner\" \/>\n\t<meta name=\"twitter:label2\" content=\"Est. reading time\" \/>\n\t<meta name=\"twitter:data2\" content=\"2 minutes\" \/>\n<script type=\"application\/ld+json\" class=\"yoast-schema-graph\">{\"@context\":\"https:\/\/schema.org\",\"@graph\":[{\"@type\":\"WebPage\",\"@id\":\"https:\/\/www.mariazell-wienerwald.at\/neuer-themenweg-in-st-corona\/\",\"url\":\"https:\/\/www.mariazell-wienerwald.at\/neuer-themenweg-in-st-corona\/\",\"name\":\"Neuer Themenweg in St. Corona - Mariazell im Wienerwald\",\"isPartOf\":{\"@id\":\"https:\/\/www.mariazell-wienerwald.at\/#website\"},\"primaryImageOfPage\":{\"@id\":\"https:\/\/www.mariazell-wienerwald.at\/neuer-themenweg-in-st-corona\/#primaryimage\"},\"image\":{\"@id\":\"https:\/\/www.mariazell-wienerwald.at\/neuer-themenweg-in-st-corona\/#primaryimage\"},\"thumbnailUrl\":\"https:\/\/www.mariazell-wienerwald.at\/wp-content\/uploads\/2023\/04\/HlBrunnen_Cut-1024x604.jpg\",\"datePublished\":\"2023-05-05T06:47:23+00:00\",\"dateModified\":\"2023-05-16T17:09:08+00:00\",\"author\":{\"@id\":\"https:\/\/www.mariazell-wienerwald.at\/#\/schema\/person\/8aa8609a154a15cf2e659bc8d1b8cc68\"},\"breadcrumb\":{\"@id\":\"https:\/\/www.mariazell-wienerwald.at\/neuer-themenweg-in-st-corona\/#breadcrumb\"},\"inLanguage\":\"en-US\",\"potentialAction\":[{\"@type\":\"ReadAction\",\"target\":[\"https:\/\/www.mariazell-wienerwald.at\/neuer-themenweg-in-st-corona\/\"]}]},{\"@type\":\"ImageObject\",\"inLanguage\":\"en-US\",\"@id\":\"https:\/\/www.mariazell-wienerwald.at\/neuer-themenweg-in-st-corona\/#primaryimage\",\"url\":\"https:\/\/www.mariazell-wienerwald.at\/wp-content\/uploads\/2023\/04\/HlBrunnen_Cut-1024x604.jpg\",\"contentUrl\":\"https:\/\/www.mariazell-wienerwald.at\/wp-content\/uploads\/2023\/04\/HlBrunnen_Cut-1024x604.jpg\"},{\"@type\":\"BreadcrumbList\",\"@id\":\"https:\/\/www.mariazell-wienerwald.at\/neuer-themenweg-in-st-corona\/#breadcrumb\",\"itemListElement\":[{\"@type\":\"ListItem\",\"position\":1,\"name\":\"Startseite\",\"item\":\"https:\/\/www.mariazell-wienerwald.at\/\"},{\"@type\":\"ListItem\",\"position\":2,\"name\":\"Neuer Themenweg in St. Corona\"}]},{\"@type\":\"WebSite\",\"@id\":\"https:\/\/www.mariazell-wienerwald.at\/#website\",\"url\":\"https:\/\/www.mariazell-wienerwald.at\/\",\"name\":\"Mariazell im Wienerwald\",\"description\":\"\",\"potentialAction\":[{\"@type\":\"SearchAction\",\"target\":{\"@type\":\"EntryPoint\",\"urlTemplate\":\"https:\/\/www.mariazell-wienerwald.at\/?s={search_term_string}\"},\"query-input\":\"required name=search_term_string\"}],\"inLanguage\":\"en-US\"},{\"@type\":\"Person\",\"@id\":\"https:\/\/www.mariazell-wienerwald.at\/#\/schema\/person\/8aa8609a154a15cf2e659bc8d1b8cc68\",\"name\":\"Thomas Aigner\",\"image\":{\"@type\":\"ImageObject\",\"inLanguage\":\"en-US\",\"@id\":\"https:\/\/www.mariazell-wienerwald.at\/#\/schema\/person\/image\/\",\"url\":\"https:\/\/secure.gravatar.com\/avatar\/3036fba9b4bba76d18c9c1c1a271e447?s=96&d=mm&r=g\",\"contentUrl\":\"https:\/\/secure.gravatar.com\/avatar\/3036fba9b4bba76d18c9c1c1a271e447?s=96&d=mm&r=g\",\"caption\":\"Thomas Aigner\"},\"url\":\"https:\/\/www.mariazell-wienerwald.at\/en\/author\/thomas-aigner\/\"}]}<\/script>\n<!-- \/ Yoast SEO plugin. -->","yoast_head_json":{"title":"Neuer Themenweg in St. Corona - Mariazell im Wienerwald","robots":{"index":"index","follow":"follow","max-snippet":"max-snippet:-1","max-image-preview":"max-image-preview:large","max-video-preview":"max-video-preview:-1"},"canonical":"https:\/\/www.mariazell-wienerwald.at\/en\/neuer-themenweg-in-st-corona\/","og_locale":"en_US","og_type":"article","og_title":"Neuer Themenweg in St. Corona - Mariazell im Wienerwald","og_description":"Am 28. Mai 2023 \u00f6ffnet der neue historische Rundweg in St. Corona am Sch\u00f6pfl aufgrund einer wettertechnischen Verschiebung nun endg\u00fcltig seine Pforten. Spazieren Sie entlang von 12 informativen Stationen, um mehr \u00fcber die Geschichte des Ortes und ihre Holzhackertradition zu erfahren. Unternehmen Sie eine kurzweilige Zeitreise zur\u00fcck ins Jahr 1444 zur ersten Erw\u00e4hnung, zur Besiedelung [&hellip;]","og_url":"https:\/\/www.mariazell-wienerwald.at\/en\/neuer-themenweg-in-st-corona\/","og_site_name":"Mariazell im Wienerwald","article_published_time":"2023-05-05T06:47:23+00:00","article_modified_time":"2023-05-16T17:09:08+00:00","og_image":[{"url":"https:\/\/www.mariazell-wienerwald.at\/wp-content\/uploads\/2023\/04\/HlBrunnen_Cut-1024x604.jpg"}],"author":"Thomas Aigner","twitter_card":"summary_large_image","twitter_misc":{"Written by":"Thomas Aigner","Est. reading time":"2 minutes"},"schema":{"@context":"https:\/\/schema.org","@graph":[{"@type":"WebPage","@id":"https:\/\/www.mariazell-wienerwald.at\/neuer-themenweg-in-st-corona\/","url":"https:\/\/www.mariazell-wienerwald.at\/neuer-themenweg-in-st-corona\/","name":"Neuer Themenweg in St. Corona - Mariazell im Wienerwald","isPartOf":{"@id":"https:\/\/www.mariazell-wienerwald.at\/#website"},"primaryImageOfPage":{"@id":"https:\/\/www.mariazell-wienerwald.at\/neuer-themenweg-in-st-corona\/#primaryimage"},"image":{"@id":"https:\/\/www.mariazell-wienerwald.at\/neuer-themenweg-in-st-corona\/#primaryimage"},"thumbnailUrl":"https:\/\/www.mariazell-wienerwald.at\/wp-content\/uploads\/2023\/04\/HlBrunnen_Cut-1024x604.jpg","datePublished":"2023-05-05T06:47:23+00:00","dateModified":"2023-05-16T17:09:08+00:00","author":{"@id":"https:\/\/www.mariazell-wienerwald.at\/#\/schema\/person\/8aa8609a154a15cf2e659bc8d1b8cc68"},"breadcrumb":{"@id":"https:\/\/www.mariazell-wienerwald.at\/neuer-themenweg-in-st-corona\/#breadcrumb"},"inLanguage":"en-US","potentialAction":[{"@type":"ReadAction","target":["https:\/\/www.mariazell-wienerwald.at\/neuer-themenweg-in-st-corona\/"]}]},{"@type":"ImageObject","inLanguage":"en-US","@id":"https:\/\/www.mariazell-wienerwald.at\/neuer-themenweg-in-st-corona\/#primaryimage","url":"https:\/\/www.mariazell-wienerwald.at\/wp-content\/uploads\/2023\/04\/HlBrunnen_Cut-1024x604.jpg","contentUrl":"https:\/\/www.mariazell-wienerwald.at\/wp-content\/uploads\/2023\/04\/HlBrunnen_Cut-1024x604.jpg"},{"@type":"BreadcrumbList","@id":"https:\/\/www.mariazell-wienerwald.at\/neuer-themenweg-in-st-corona\/#breadcrumb","itemListElement":[{"@type":"ListItem","position":1,"name":"Startseite","item":"https:\/\/www.mariazell-wienerwald.at\/"},{"@type":"ListItem","position":2,"name":"Neuer Themenweg in St. Corona"}]},{"@type":"WebSite","@id":"https:\/\/www.mariazell-wienerwald.at\/#website","url":"https:\/\/www.mariazell-wienerwald.at\/","name":"Mariazell im Wienerwald","description":"","potentialAction":[{"@type":"SearchAction","target":{"@type":"EntryPoint","urlTemplate":"https:\/\/www.mariazell-wienerwald.at\/?s={search_term_string}"},"query-input":"required name=search_term_string"}],"inLanguage":"en-US"},{"@type":"Person","@id":"https:\/\/www.mariazell-wienerwald.at\/#\/schema\/person\/8aa8609a154a15cf2e659bc8d1b8cc68","name":"Thomas Aigner","image":{"@type":"ImageObject","inLanguage":"en-US","@id":"https:\/\/www.mariazell-wienerwald.at\/#\/schema\/person\/image\/","url":"https:\/\/secure.gravatar.com\/avatar\/3036fba9b4bba76d18c9c1c1a271e447?s=96&d=mm&r=g","contentUrl":"https:\/\/secure.gravatar.com\/avatar\/3036fba9b4bba76d18c9c1c1a271e447?s=96&d=mm&r=g","caption":"Thomas Aigner"},"url":"https:\/\/www.mariazell-wienerwald.at\/en\/author\/thomas-aigner\/"}]}},"_links":{"self":[{"href":"https:\/\/www.mariazell-wienerwald.at\/en\/wp-json\/wp\/v2\/posts\/5541"}],"collection":[{"href":"https:\/\/www.mariazell-wienerwald.at\/en\/wp-json\/wp\/v2\/posts"}],"about":[{"href":"https:\/\/www.mariazell-wienerwald.at\/en\/wp-json\/wp\/v2\/types\/post"}],"author":[{"embeddable":true,"href":"https:\/\/www.mariazell-wienerwald.at\/en\/wp-json\/wp\/v2\/users\/3"}],"replies":[{"embeddable":true,"href":"https:\/\/www.mariazell-wienerwald.at\/en\/wp-json\/wp\/v2\/comments?post=5541"}],"version-history":[{"count":9,"href":"https:\/\/www.mariazell-wienerwald.at\/en\/wp-json\/wp\/v2\/posts\/5541\/revisions"}],"predecessor-version":[{"id":5570,"href":"https:\/\/www.mariazell-wienerwald.at\/en\/wp-json\/wp\/v2\/posts\/5541\/revisions\/5570"}],"wp:attachment":[{"href":"https:\/\/www.mariazell-wienerwald.at\/en\/wp-json\/wp\/v2\/media?parent=5541"}],"wp:term":[{"taxonomy":"category","embeddable":true,"href":"https:\/\/www.mariazell-wienerwald.at\/en\/wp-json\/wp\/v2\/categories?post=5541"},{"taxonomy":"post_tag","embeddable":true,"href":"https:\/\/www.mariazell-wienerwald.at\/en\/wp-json\/wp\/v2\/tags?post=5541"}],"curies":[{"name":"wp","href":"https:\/\/api.w.org\/{rel}","templated":true}]}}