{"id":5773,"date":"2023-09-01T16:11:45","date_gmt":"2023-09-01T14:11:45","guid":{"rendered":"https:\/\/www.mariazell-wienerwald.at\/?p=5773"},"modified":"2023-09-01T16:13:08","modified_gmt":"2023-09-01T14:13:08","slug":"wir-begruessen-unser-300-mitglied","status":"publish","type":"post","link":"https:\/\/www.mariazell-wienerwald.at\/en\/wir-begruessen-unser-300-mitglied\/","title":{"rendered":"Wir begr\u00fc\u00dfen unser 300. Mitglied!"},"content":{"rendered":"<p><img fetchpriority=\"high\" decoding=\"async\" class=\"wp-image-5775 alignright\" src=\"https:\/\/www.mariazell-wienerwald.at\/wp-content\/uploads\/2023\/09\/Claudia_Stadler-768x1024.jpg\" alt=\"\" width=\"308\" height=\"411\" srcset=\"https:\/\/www.mariazell-wienerwald.at\/wp-content\/uploads\/2023\/09\/Claudia_Stadler-768x1024.jpg 768w, https:\/\/www.mariazell-wienerwald.at\/wp-content\/uploads\/2023\/09\/Claudia_Stadler-225x300.jpg 225w, https:\/\/www.mariazell-wienerwald.at\/wp-content\/uploads\/2023\/09\/Claudia_Stadler-1152x1536.jpg 1152w, https:\/\/www.mariazell-wienerwald.at\/wp-content\/uploads\/2023\/09\/Claudia_Stadler-9x12.jpg 9w, https:\/\/www.mariazell-wienerwald.at\/wp-content\/uploads\/2023\/09\/Claudia_Stadler-600x800.jpg 600w, https:\/\/www.mariazell-wienerwald.at\/wp-content\/uploads\/2023\/09\/Claudia_Stadler.jpg 1536w\" sizes=\"(max-width: 308px) 100vw, 308px\" \/>Die dynamische Entwicklung unseres Vereins &#8222;Mariazell im Wienerwald&#8220; setzt sich ungebrochen fort:<\/p>\n<p>am 25. August 2023 durften wir Frau Claudia Stadler als unser 300. Mitglied begr\u00fc\u00dfen. Mit ihrem Beitritt tr\u00e4gt sie gemeinsam mit ihren anderen 299 Kolleginnen und Kollegen wesentlich zu einer nachhaltigen Entwicklung unserer Projekte, allen voran der <a href=\"https:\/\/www.mariazell-wienerwald.at\/en\/projekte\/stiftskeller\/\">Revitalisierung des Stiftskellers in Klein-Mariazell<\/a>, bei.<\/p>\n<p>Sie ist somit Teil eines absoluten Erfolgsprojekts und profitiert noch dazu von ihrer Mitgliedschaft, indem Sie z.B. Veranstaltungen wie das kommende Konzert des Singer-Songwriters <strong><a href=\"https:\/\/www.mariazell-wienerwald.at\/en\/veranstaltungen\/yunger\/\">YUNGER<\/a><\/strong> kostenlos besucht.<\/p>\n<p>M\u00f6chten auch Sie Teil dieser Erfolgsstory sein, wenden Sie sich bitte gerne an uns (0660\/762 16 57 bzw. <a href=\"mailto:office@mariazell-wienerwald.at\">office@mariazell-wienerwald.at<\/a>) bzw. finden Sie <strong><a href=\"https:\/\/www.mariazell-wienerwald.at\/en\/unterstuetzen-sie-uns\/\">HIER alle Infos zu den verschiedenen M\u00f6glichkeiten,<\/a><\/strong> dabei zu sein.<\/p>\n<p>&nbsp;<\/p>","protected":false},"excerpt":{"rendered":"<p>Die dynamische Entwicklung unseres Vereins &#8222;Mariazell im Wienerwald&#8220; setzt sich ungebrochen fort: am 25. August 2023 durften wir Frau Claudia Stadler als unser 300. Mitglied begr\u00fc\u00dfen. Mit ihrem Beitritt tr\u00e4gt sie gemeinsam mit ihren anderen 299 Kolleginnen und Kollegen wesentlich zu einer nachhaltigen Entwicklung unserer Projekte, allen voran der Revitalisierung des Stiftskellers in Klein-Mariazell, bei. [&hellip;]<\/p>","protected":false},"author":3,"featured_media":0,"comment_status":"open","ping_status":"open","sticky":false,"template":"","format":"standard","meta":{"_acf_changed":false,"footnotes":""},"categories":[1],"tags":[],"class_list":["post-5773","post","type-post","status-publish","format-standard","hentry","category-allgemein"],"acf":[],"yoast_head":"<!-- This site is optimized with the Yoast SEO plugin v23.1 - https:\/\/yoast.com\/wordpress\/plugins\/seo\/ -->\n<title>Wir begr\u00fc\u00dfen unser 300. Mitglied! - Mariazell im Wienerwald<\/title>\n<meta name=\"robots\" content=\"index, follow, max-snippet:-1, max-image-preview:large, max-video-preview:-1\" \/>\n<link rel=\"canonical\" href=\"https:\/\/www.mariazell-wienerwald.at\/en\/wir-begruessen-unser-300-mitglied\/\" \/>\n<meta property=\"og:locale\" content=\"en_US\" \/>\n<meta property=\"og:type\" content=\"article\" \/>\n<meta property=\"og:title\" content=\"Wir begr\u00fc\u00dfen unser 300. Mitglied! - Mariazell im Wienerwald\" \/>\n<meta property=\"og:description\" content=\"Die dynamische Entwicklung unseres Vereins &#8222;Mariazell im Wienerwald&#8220; setzt sich ungebrochen fort: am 25. August 2023 durften wir Frau Claudia Stadler als unser 300. Mitglied begr\u00fc\u00dfen. Mit ihrem Beitritt tr\u00e4gt sie gemeinsam mit ihren anderen 299 Kolleginnen und Kollegen wesentlich zu einer nachhaltigen Entwicklung unserer Projekte, allen voran der Revitalisierung des Stiftskellers in Klein-Mariazell, bei. [&hellip;]\" \/>\n<meta property=\"og:url\" content=\"https:\/\/www.mariazell-wienerwald.at\/en\/wir-begruessen-unser-300-mitglied\/\" \/>\n<meta property=\"og:site_name\" content=\"Mariazell im Wienerwald\" \/>\n<meta property=\"article:published_time\" content=\"2023-09-01T14:11:45+00:00\" \/>\n<meta property=\"article:modified_time\" content=\"2023-09-01T14:13:08+00:00\" \/>\n<meta property=\"og:image\" content=\"https:\/\/www.mariazell-wienerwald.at\/wp-content\/uploads\/2023\/09\/Claudia_Stadler-768x1024.jpg\" \/>\n<meta name=\"author\" content=\"Thomas Aigner\" \/>\n<meta name=\"twitter:card\" content=\"summary_large_image\" \/>\n<meta name=\"twitter:label1\" content=\"Written by\" \/>\n\t<meta name=\"twitter:data1\" content=\"Thomas Aigner\" \/>\n\t<meta name=\"twitter:label2\" content=\"Est. reading time\" \/>\n\t<meta name=\"twitter:data2\" content=\"1 minute\" \/>\n<script type=\"application\/ld+json\" class=\"yoast-schema-graph\">{\"@context\":\"https:\/\/schema.org\",\"@graph\":[{\"@type\":\"WebPage\",\"@id\":\"https:\/\/www.mariazell-wienerwald.at\/wir-begruessen-unser-300-mitglied\/\",\"url\":\"https:\/\/www.mariazell-wienerwald.at\/wir-begruessen-unser-300-mitglied\/\",\"name\":\"Wir begr\u00fc\u00dfen unser 300. Mitglied! - Mariazell im Wienerwald\",\"isPartOf\":{\"@id\":\"https:\/\/www.mariazell-wienerwald.at\/#website\"},\"primaryImageOfPage\":{\"@id\":\"https:\/\/www.mariazell-wienerwald.at\/wir-begruessen-unser-300-mitglied\/#primaryimage\"},\"image\":{\"@id\":\"https:\/\/www.mariazell-wienerwald.at\/wir-begruessen-unser-300-mitglied\/#primaryimage\"},\"thumbnailUrl\":\"https:\/\/www.mariazell-wienerwald.at\/wp-content\/uploads\/2023\/09\/Claudia_Stadler-768x1024.jpg\",\"datePublished\":\"2023-09-01T14:11:45+00:00\",\"dateModified\":\"2023-09-01T14:13:08+00:00\",\"author\":{\"@id\":\"https:\/\/www.mariazell-wienerwald.at\/#\/schema\/person\/8aa8609a154a15cf2e659bc8d1b8cc68\"},\"breadcrumb\":{\"@id\":\"https:\/\/www.mariazell-wienerwald.at\/wir-begruessen-unser-300-mitglied\/#breadcrumb\"},\"inLanguage\":\"en-US\",\"potentialAction\":[{\"@type\":\"ReadAction\",\"target\":[\"https:\/\/www.mariazell-wienerwald.at\/wir-begruessen-unser-300-mitglied\/\"]}]},{\"@type\":\"ImageObject\",\"inLanguage\":\"en-US\",\"@id\":\"https:\/\/www.mariazell-wienerwald.at\/wir-begruessen-unser-300-mitglied\/#primaryimage\",\"url\":\"https:\/\/www.mariazell-wienerwald.at\/wp-content\/uploads\/2023\/09\/Claudia_Stadler-768x1024.jpg\",\"contentUrl\":\"https:\/\/www.mariazell-wienerwald.at\/wp-content\/uploads\/2023\/09\/Claudia_Stadler-768x1024.jpg\"},{\"@type\":\"BreadcrumbList\",\"@id\":\"https:\/\/www.mariazell-wienerwald.at\/wir-begruessen-unser-300-mitglied\/#breadcrumb\",\"itemListElement\":[{\"@type\":\"ListItem\",\"position\":1,\"name\":\"Startseite\",\"item\":\"https:\/\/www.mariazell-wienerwald.at\/\"},{\"@type\":\"ListItem\",\"position\":2,\"name\":\"Wir begr\u00fc\u00dfen unser 300. Mitglied!\"}]},{\"@type\":\"WebSite\",\"@id\":\"https:\/\/www.mariazell-wienerwald.at\/#website\",\"url\":\"https:\/\/www.mariazell-wienerwald.at\/\",\"name\":\"Mariazell im Wienerwald\",\"description\":\"\",\"potentialAction\":[{\"@type\":\"SearchAction\",\"target\":{\"@type\":\"EntryPoint\",\"urlTemplate\":\"https:\/\/www.mariazell-wienerwald.at\/?s={search_term_string}\"},\"query-input\":\"required name=search_term_string\"}],\"inLanguage\":\"en-US\"},{\"@type\":\"Person\",\"@id\":\"https:\/\/www.mariazell-wienerwald.at\/#\/schema\/person\/8aa8609a154a15cf2e659bc8d1b8cc68\",\"name\":\"Thomas Aigner\",\"image\":{\"@type\":\"ImageObject\",\"inLanguage\":\"en-US\",\"@id\":\"https:\/\/www.mariazell-wienerwald.at\/#\/schema\/person\/image\/\",\"url\":\"https:\/\/secure.gravatar.com\/avatar\/3036fba9b4bba76d18c9c1c1a271e447?s=96&d=mm&r=g\",\"contentUrl\":\"https:\/\/secure.gravatar.com\/avatar\/3036fba9b4bba76d18c9c1c1a271e447?s=96&d=mm&r=g\",\"caption\":\"Thomas Aigner\"},\"url\":\"https:\/\/www.mariazell-wienerwald.at\/en\/author\/thomas-aigner\/\"}]}<\/script>\n<!-- \/ Yoast SEO plugin. -->","yoast_head_json":{"title":"Wir begr\u00fc\u00dfen unser 300. Mitglied! - Mariazell im Wienerwald","robots":{"index":"index","follow":"follow","max-snippet":"max-snippet:-1","max-image-preview":"max-image-preview:large","max-video-preview":"max-video-preview:-1"},"canonical":"https:\/\/www.mariazell-wienerwald.at\/en\/wir-begruessen-unser-300-mitglied\/","og_locale":"en_US","og_type":"article","og_title":"Wir begr\u00fc\u00dfen unser 300. Mitglied! - Mariazell im Wienerwald","og_description":"Die dynamische Entwicklung unseres Vereins &#8222;Mariazell im Wienerwald&#8220; setzt sich ungebrochen fort: am 25. August 2023 durften wir Frau Claudia Stadler als unser 300. Mitglied begr\u00fc\u00dfen. Mit ihrem Beitritt tr\u00e4gt sie gemeinsam mit ihren anderen 299 Kolleginnen und Kollegen wesentlich zu einer nachhaltigen Entwicklung unserer Projekte, allen voran der Revitalisierung des Stiftskellers in Klein-Mariazell, bei. [&hellip;]","og_url":"https:\/\/www.mariazell-wienerwald.at\/en\/wir-begruessen-unser-300-mitglied\/","og_site_name":"Mariazell im Wienerwald","article_published_time":"2023-09-01T14:11:45+00:00","article_modified_time":"2023-09-01T14:13:08+00:00","og_image":[{"url":"https:\/\/www.mariazell-wienerwald.at\/wp-content\/uploads\/2023\/09\/Claudia_Stadler-768x1024.jpg"}],"author":"Thomas Aigner","twitter_card":"summary_large_image","twitter_misc":{"Written by":"Thomas Aigner","Est. reading time":"1 minute"},"schema":{"@context":"https:\/\/schema.org","@graph":[{"@type":"WebPage","@id":"https:\/\/www.mariazell-wienerwald.at\/wir-begruessen-unser-300-mitglied\/","url":"https:\/\/www.mariazell-wienerwald.at\/wir-begruessen-unser-300-mitglied\/","name":"Wir begr\u00fc\u00dfen unser 300. Mitglied! - Mariazell im Wienerwald","isPartOf":{"@id":"https:\/\/www.mariazell-wienerwald.at\/#website"},"primaryImageOfPage":{"@id":"https:\/\/www.mariazell-wienerwald.at\/wir-begruessen-unser-300-mitglied\/#primaryimage"},"image":{"@id":"https:\/\/www.mariazell-wienerwald.at\/wir-begruessen-unser-300-mitglied\/#primaryimage"},"thumbnailUrl":"https:\/\/www.mariazell-wienerwald.at\/wp-content\/uploads\/2023\/09\/Claudia_Stadler-768x1024.jpg","datePublished":"2023-09-01T14:11:45+00:00","dateModified":"2023-09-01T14:13:08+00:00","author":{"@id":"https:\/\/www.mariazell-wienerwald.at\/#\/schema\/person\/8aa8609a154a15cf2e659bc8d1b8cc68"},"breadcrumb":{"@id":"https:\/\/www.mariazell-wienerwald.at\/wir-begruessen-unser-300-mitglied\/#breadcrumb"},"inLanguage":"en-US","potentialAction":[{"@type":"ReadAction","target":["https:\/\/www.mariazell-wienerwald.at\/wir-begruessen-unser-300-mitglied\/"]}]},{"@type":"ImageObject","inLanguage":"en-US","@id":"https:\/\/www.mariazell-wienerwald.at\/wir-begruessen-unser-300-mitglied\/#primaryimage","url":"https:\/\/www.mariazell-wienerwald.at\/wp-content\/uploads\/2023\/09\/Claudia_Stadler-768x1024.jpg","contentUrl":"https:\/\/www.mariazell-wienerwald.at\/wp-content\/uploads\/2023\/09\/Claudia_Stadler-768x1024.jpg"},{"@type":"BreadcrumbList","@id":"https:\/\/www.mariazell-wienerwald.at\/wir-begruessen-unser-300-mitglied\/#breadcrumb","itemListElement":[{"@type":"ListItem","position":1,"name":"Startseite","item":"https:\/\/www.mariazell-wienerwald.at\/"},{"@type":"ListItem","position":2,"name":"Wir begr\u00fc\u00dfen unser 300. Mitglied!"}]},{"@type":"WebSite","@id":"https:\/\/www.mariazell-wienerwald.at\/#website","url":"https:\/\/www.mariazell-wienerwald.at\/","name":"Mariazell im Wienerwald","description":"","potentialAction":[{"@type":"SearchAction","target":{"@type":"EntryPoint","urlTemplate":"https:\/\/www.mariazell-wienerwald.at\/?s={search_term_string}"},"query-input":"required name=search_term_string"}],"inLanguage":"en-US"},{"@type":"Person","@id":"https:\/\/www.mariazell-wienerwald.at\/#\/schema\/person\/8aa8609a154a15cf2e659bc8d1b8cc68","name":"Thomas Aigner","image":{"@type":"ImageObject","inLanguage":"en-US","@id":"https:\/\/www.mariazell-wienerwald.at\/#\/schema\/person\/image\/","url":"https:\/\/secure.gravatar.com\/avatar\/3036fba9b4bba76d18c9c1c1a271e447?s=96&d=mm&r=g","contentUrl":"https:\/\/secure.gravatar.com\/avatar\/3036fba9b4bba76d18c9c1c1a271e447?s=96&d=mm&r=g","caption":"Thomas Aigner"},"url":"https:\/\/www.mariazell-wienerwald.at\/en\/author\/thomas-aigner\/"}]}},"_links":{"self":[{"href":"https:\/\/www.mariazell-wienerwald.at\/en\/wp-json\/wp\/v2\/posts\/5773"}],"collection":[{"href":"https:\/\/www.mariazell-wienerwald.at\/en\/wp-json\/wp\/v2\/posts"}],"about":[{"href":"https:\/\/www.mariazell-wienerwald.at\/en\/wp-json\/wp\/v2\/types\/post"}],"author":[{"embeddable":true,"href":"https:\/\/www.mariazell-wienerwald.at\/en\/wp-json\/wp\/v2\/users\/3"}],"replies":[{"embeddable":true,"href":"https:\/\/www.mariazell-wienerwald.at\/en\/wp-json\/wp\/v2\/comments?post=5773"}],"version-history":[{"count":6,"href":"https:\/\/www.mariazell-wienerwald.at\/en\/wp-json\/wp\/v2\/posts\/5773\/revisions"}],"predecessor-version":[{"id":5780,"href":"https:\/\/www.mariazell-wienerwald.at\/en\/wp-json\/wp\/v2\/posts\/5773\/revisions\/5780"}],"wp:attachment":[{"href":"https:\/\/www.mariazell-wienerwald.at\/en\/wp-json\/wp\/v2\/media?parent=5773"}],"wp:term":[{"taxonomy":"category","embeddable":true,"href":"https:\/\/www.mariazell-wienerwald.at\/en\/wp-json\/wp\/v2\/categories?post=5773"},{"taxonomy":"post_tag","embeddable":true,"href":"https:\/\/www.mariazell-wienerwald.at\/en\/wp-json\/wp\/v2\/tags?post=5773"}],"curies":[{"name":"wp","href":"https:\/\/api.w.org\/{rel}","templated":true}]}}