{"id":5948,"date":"2023-12-10T12:39:12","date_gmt":"2023-12-10T11:39:12","guid":{"rendered":"https:\/\/www.mariazell-wienerwald.at\/?p=5948"},"modified":"2023-12-10T12:41:09","modified_gmt":"2023-12-10T11:41:09","slug":"neues-buch-ueber-st-corona","status":"publish","type":"post","link":"https:\/\/www.mariazell-wienerwald.at\/en\/neues-buch-ueber-st-corona\/","title":{"rendered":"Neues Buch \u00fcber St. Corona!"},"content":{"rendered":"<p><em><strong>Noch kurz vor Weihnachten erscheint ein neues Buch \u00fcber St. Corona am Sch\u00f6pfl, verfasst von Martin Fuchs!<img fetchpriority=\"high\" decoding=\"async\" class=\"wp-image-5946 alignleft\" src=\"https:\/\/www.mariazell-wienerwald.at\/wp-content\/uploads\/2023\/12\/StCorona_Cover.jpg\" alt=\"\" width=\"310\" height=\"310\" srcset=\"https:\/\/www.mariazell-wienerwald.at\/wp-content\/uploads\/2023\/12\/StCorona_Cover.jpg 1005w, https:\/\/www.mariazell-wienerwald.at\/wp-content\/uploads\/2023\/12\/StCorona_Cover-300x300.jpg 300w, https:\/\/www.mariazell-wienerwald.at\/wp-content\/uploads\/2023\/12\/StCorona_Cover-150x150.jpg 150w, https:\/\/www.mariazell-wienerwald.at\/wp-content\/uploads\/2023\/12\/StCorona_Cover-768x767.jpg 768w, https:\/\/www.mariazell-wienerwald.at\/wp-content\/uploads\/2023\/12\/StCorona_Cover-12x12.jpg 12w, https:\/\/www.mariazell-wienerwald.at\/wp-content\/uploads\/2023\/12\/StCorona_Cover-500x500.jpg 500w, https:\/\/www.mariazell-wienerwald.at\/wp-content\/uploads\/2023\/12\/StCorona_Cover-600x599.jpg 600w, https:\/\/www.mariazell-wienerwald.at\/wp-content\/uploads\/2023\/12\/StCorona_Cover-100x100.jpg 100w\" sizes=\"(max-width: 310px) 100vw, 310px\" \/><\/strong><\/em><\/p>\n<p>St. Corona am Sch\u00f6pfl liegt am s\u00fcdwestlichen Rand des Wienerwalds, am Fu\u00dfe von dessen h\u00f6chster Erhebung, des Sch\u00f6pfls. Hier war in der Zwischenkriegszeit und danach ein Pfarrer t\u00e4tig, der sich nicht nur umsichtig um seine Sch\u00e4fchen k\u00fcmmerte, sondern auch deren Leben und Schicksal, vor allem w\u00e4hrend des Zweiten Weltkriegs, minuti\u00f6s in mehreren handschriftlich angelegten B\u00e4nden dokumentierte. Diesen Schatz arbeitete der Historiker Martin Fuchs auf und \u00f6ffnete damit ein Fenster in eine Zeit, die noch gar nicht so lange her ist, aber doch schon ganz weit entfernt scheint. Am Beispiel der kleinen Wienerwaldgemeinde zeigt er, wie sich die politischen Umw\u00e4lzungen nach dem Zusammenbruch der Donaumonarchie hier auswirkten, wie etwa die Auseinandersetzungen des (christlichsozialen) Pfarrers mit dem (sozialdemokratischen) Lehrer manchmal an Don Camillo und Peppone erinnern, oder wie sich die Kriegshandlungen des Zweiten Weltkriegs konkret auf die Menschen und ihre Umgebung auswirkten.<\/p>\n<p>Die offizielle Pr\u00e4sentation findet am 7. J\u00e4nner 2024 im Rahmen des <a href=\"https:\/\/www.mariazell-wienerwald.at\/en\/veranstaltungen\/buchpraesentation-st-corona-zwischen-den-kriegen-neujahrsempfang\/\"><strong>Neujahrsempfangs der Marktgemeinde Altenmarkt<\/strong> <\/a>statt, es kann jedoch bereits jetzt, noch rechtzeitig vor Weihnachten<a href=\"https:\/\/www.mariazell-wienerwald.at\/en\/klosterladen\/produkte-neu\/bucher\/ein-pfarrer-und-seine-gemeinde-st-corona-zwischen-den-weltkriegen\/\"><strong> hier ONLINE bestellt werden<\/strong>.<\/a><\/p>\n<p>&nbsp;<\/p>","protected":false},"excerpt":{"rendered":"<p>Noch kurz vor Weihnachten erscheint ein neues Buch \u00fcber St. Corona am Sch\u00f6pfl, verfasst von Martin Fuchs! St. Corona am Sch\u00f6pfl liegt am s\u00fcdwestlichen Rand des Wienerwalds, am Fu\u00dfe von dessen h\u00f6chster Erhebung, des Sch\u00f6pfls. Hier war in der Zwischenkriegszeit und danach ein Pfarrer t\u00e4tig, der sich nicht nur umsichtig um seine Sch\u00e4fchen k\u00fcmmerte, sondern [&hellip;]<\/p>","protected":false},"author":3,"featured_media":0,"comment_status":"open","ping_status":"open","sticky":false,"template":"","format":"standard","meta":{"_acf_changed":false,"footnotes":""},"categories":[1],"tags":[],"class_list":["post-5948","post","type-post","status-publish","format-standard","hentry","category-allgemein"],"acf":[],"yoast_head":"<!-- This site is optimized with the Yoast SEO plugin v23.1 - https:\/\/yoast.com\/wordpress\/plugins\/seo\/ -->\n<title>Neues Buch \u00fcber St. Corona! - Mariazell im Wienerwald<\/title>\n<meta name=\"robots\" content=\"index, follow, max-snippet:-1, max-image-preview:large, max-video-preview:-1\" \/>\n<link rel=\"canonical\" href=\"https:\/\/www.mariazell-wienerwald.at\/en\/neues-buch-ueber-st-corona\/\" \/>\n<meta property=\"og:locale\" content=\"en_US\" \/>\n<meta property=\"og:type\" content=\"article\" \/>\n<meta property=\"og:title\" content=\"Neues Buch \u00fcber St. Corona! - Mariazell im Wienerwald\" \/>\n<meta property=\"og:description\" content=\"Noch kurz vor Weihnachten erscheint ein neues Buch \u00fcber St. Corona am Sch\u00f6pfl, verfasst von Martin Fuchs! St. Corona am Sch\u00f6pfl liegt am s\u00fcdwestlichen Rand des Wienerwalds, am Fu\u00dfe von dessen h\u00f6chster Erhebung, des Sch\u00f6pfls. Hier war in der Zwischenkriegszeit und danach ein Pfarrer t\u00e4tig, der sich nicht nur umsichtig um seine Sch\u00e4fchen k\u00fcmmerte, sondern [&hellip;]\" \/>\n<meta property=\"og:url\" content=\"https:\/\/www.mariazell-wienerwald.at\/en\/neues-buch-ueber-st-corona\/\" \/>\n<meta property=\"og:site_name\" content=\"Mariazell im Wienerwald\" \/>\n<meta property=\"article:published_time\" content=\"2023-12-10T11:39:12+00:00\" \/>\n<meta property=\"article:modified_time\" content=\"2023-12-10T11:41:09+00:00\" \/>\n<meta property=\"og:image\" content=\"https:\/\/www.mariazell-wienerwald.at\/wp-content\/uploads\/2023\/12\/StCorona_Cover.jpg\" \/>\n<meta name=\"author\" content=\"Thomas Aigner\" \/>\n<meta name=\"twitter:card\" content=\"summary_large_image\" \/>\n<meta name=\"twitter:label1\" content=\"Written by\" \/>\n\t<meta name=\"twitter:data1\" content=\"Thomas Aigner\" \/>\n\t<meta name=\"twitter:label2\" content=\"Est. reading time\" \/>\n\t<meta name=\"twitter:data2\" content=\"2 minutes\" \/>\n<script type=\"application\/ld+json\" class=\"yoast-schema-graph\">{\"@context\":\"https:\/\/schema.org\",\"@graph\":[{\"@type\":\"WebPage\",\"@id\":\"https:\/\/www.mariazell-wienerwald.at\/neues-buch-ueber-st-corona\/\",\"url\":\"https:\/\/www.mariazell-wienerwald.at\/neues-buch-ueber-st-corona\/\",\"name\":\"Neues Buch \u00fcber St. Corona! - Mariazell im Wienerwald\",\"isPartOf\":{\"@id\":\"https:\/\/www.mariazell-wienerwald.at\/#website\"},\"primaryImageOfPage\":{\"@id\":\"https:\/\/www.mariazell-wienerwald.at\/neues-buch-ueber-st-corona\/#primaryimage\"},\"image\":{\"@id\":\"https:\/\/www.mariazell-wienerwald.at\/neues-buch-ueber-st-corona\/#primaryimage\"},\"thumbnailUrl\":\"https:\/\/www.mariazell-wienerwald.at\/wp-content\/uploads\/2023\/12\/StCorona_Cover.jpg\",\"datePublished\":\"2023-12-10T11:39:12+00:00\",\"dateModified\":\"2023-12-10T11:41:09+00:00\",\"author\":{\"@id\":\"https:\/\/www.mariazell-wienerwald.at\/#\/schema\/person\/8aa8609a154a15cf2e659bc8d1b8cc68\"},\"breadcrumb\":{\"@id\":\"https:\/\/www.mariazell-wienerwald.at\/neues-buch-ueber-st-corona\/#breadcrumb\"},\"inLanguage\":\"en-US\",\"potentialAction\":[{\"@type\":\"ReadAction\",\"target\":[\"https:\/\/www.mariazell-wienerwald.at\/neues-buch-ueber-st-corona\/\"]}]},{\"@type\":\"ImageObject\",\"inLanguage\":\"en-US\",\"@id\":\"https:\/\/www.mariazell-wienerwald.at\/neues-buch-ueber-st-corona\/#primaryimage\",\"url\":\"https:\/\/www.mariazell-wienerwald.at\/wp-content\/uploads\/2023\/12\/StCorona_Cover.jpg\",\"contentUrl\":\"https:\/\/www.mariazell-wienerwald.at\/wp-content\/uploads\/2023\/12\/StCorona_Cover.jpg\"},{\"@type\":\"BreadcrumbList\",\"@id\":\"https:\/\/www.mariazell-wienerwald.at\/neues-buch-ueber-st-corona\/#breadcrumb\",\"itemListElement\":[{\"@type\":\"ListItem\",\"position\":1,\"name\":\"Startseite\",\"item\":\"https:\/\/www.mariazell-wienerwald.at\/\"},{\"@type\":\"ListItem\",\"position\":2,\"name\":\"Neues Buch \u00fcber St. Corona!\"}]},{\"@type\":\"WebSite\",\"@id\":\"https:\/\/www.mariazell-wienerwald.at\/#website\",\"url\":\"https:\/\/www.mariazell-wienerwald.at\/\",\"name\":\"Mariazell im Wienerwald\",\"description\":\"\",\"potentialAction\":[{\"@type\":\"SearchAction\",\"target\":{\"@type\":\"EntryPoint\",\"urlTemplate\":\"https:\/\/www.mariazell-wienerwald.at\/?s={search_term_string}\"},\"query-input\":\"required name=search_term_string\"}],\"inLanguage\":\"en-US\"},{\"@type\":\"Person\",\"@id\":\"https:\/\/www.mariazell-wienerwald.at\/#\/schema\/person\/8aa8609a154a15cf2e659bc8d1b8cc68\",\"name\":\"Thomas Aigner\",\"image\":{\"@type\":\"ImageObject\",\"inLanguage\":\"en-US\",\"@id\":\"https:\/\/www.mariazell-wienerwald.at\/#\/schema\/person\/image\/\",\"url\":\"https:\/\/secure.gravatar.com\/avatar\/3036fba9b4bba76d18c9c1c1a271e447?s=96&d=mm&r=g\",\"contentUrl\":\"https:\/\/secure.gravatar.com\/avatar\/3036fba9b4bba76d18c9c1c1a271e447?s=96&d=mm&r=g\",\"caption\":\"Thomas Aigner\"},\"url\":\"https:\/\/www.mariazell-wienerwald.at\/en\/author\/thomas-aigner\/\"}]}<\/script>\n<!-- \/ Yoast SEO plugin. -->","yoast_head_json":{"title":"Neues Buch \u00fcber St. Corona! - Mariazell im Wienerwald","robots":{"index":"index","follow":"follow","max-snippet":"max-snippet:-1","max-image-preview":"max-image-preview:large","max-video-preview":"max-video-preview:-1"},"canonical":"https:\/\/www.mariazell-wienerwald.at\/en\/neues-buch-ueber-st-corona\/","og_locale":"en_US","og_type":"article","og_title":"Neues Buch \u00fcber St. Corona! - Mariazell im Wienerwald","og_description":"Noch kurz vor Weihnachten erscheint ein neues Buch \u00fcber St. Corona am Sch\u00f6pfl, verfasst von Martin Fuchs! St. Corona am Sch\u00f6pfl liegt am s\u00fcdwestlichen Rand des Wienerwalds, am Fu\u00dfe von dessen h\u00f6chster Erhebung, des Sch\u00f6pfls. Hier war in der Zwischenkriegszeit und danach ein Pfarrer t\u00e4tig, der sich nicht nur umsichtig um seine Sch\u00e4fchen k\u00fcmmerte, sondern [&hellip;]","og_url":"https:\/\/www.mariazell-wienerwald.at\/en\/neues-buch-ueber-st-corona\/","og_site_name":"Mariazell im Wienerwald","article_published_time":"2023-12-10T11:39:12+00:00","article_modified_time":"2023-12-10T11:41:09+00:00","og_image":[{"url":"https:\/\/www.mariazell-wienerwald.at\/wp-content\/uploads\/2023\/12\/StCorona_Cover.jpg"}],"author":"Thomas Aigner","twitter_card":"summary_large_image","twitter_misc":{"Written by":"Thomas Aigner","Est. reading time":"2 minutes"},"schema":{"@context":"https:\/\/schema.org","@graph":[{"@type":"WebPage","@id":"https:\/\/www.mariazell-wienerwald.at\/neues-buch-ueber-st-corona\/","url":"https:\/\/www.mariazell-wienerwald.at\/neues-buch-ueber-st-corona\/","name":"Neues Buch \u00fcber St. Corona! - Mariazell im Wienerwald","isPartOf":{"@id":"https:\/\/www.mariazell-wienerwald.at\/#website"},"primaryImageOfPage":{"@id":"https:\/\/www.mariazell-wienerwald.at\/neues-buch-ueber-st-corona\/#primaryimage"},"image":{"@id":"https:\/\/www.mariazell-wienerwald.at\/neues-buch-ueber-st-corona\/#primaryimage"},"thumbnailUrl":"https:\/\/www.mariazell-wienerwald.at\/wp-content\/uploads\/2023\/12\/StCorona_Cover.jpg","datePublished":"2023-12-10T11:39:12+00:00","dateModified":"2023-12-10T11:41:09+00:00","author":{"@id":"https:\/\/www.mariazell-wienerwald.at\/#\/schema\/person\/8aa8609a154a15cf2e659bc8d1b8cc68"},"breadcrumb":{"@id":"https:\/\/www.mariazell-wienerwald.at\/neues-buch-ueber-st-corona\/#breadcrumb"},"inLanguage":"en-US","potentialAction":[{"@type":"ReadAction","target":["https:\/\/www.mariazell-wienerwald.at\/neues-buch-ueber-st-corona\/"]}]},{"@type":"ImageObject","inLanguage":"en-US","@id":"https:\/\/www.mariazell-wienerwald.at\/neues-buch-ueber-st-corona\/#primaryimage","url":"https:\/\/www.mariazell-wienerwald.at\/wp-content\/uploads\/2023\/12\/StCorona_Cover.jpg","contentUrl":"https:\/\/www.mariazell-wienerwald.at\/wp-content\/uploads\/2023\/12\/StCorona_Cover.jpg"},{"@type":"BreadcrumbList","@id":"https:\/\/www.mariazell-wienerwald.at\/neues-buch-ueber-st-corona\/#breadcrumb","itemListElement":[{"@type":"ListItem","position":1,"name":"Startseite","item":"https:\/\/www.mariazell-wienerwald.at\/"},{"@type":"ListItem","position":2,"name":"Neues Buch \u00fcber St. Corona!"}]},{"@type":"WebSite","@id":"https:\/\/www.mariazell-wienerwald.at\/#website","url":"https:\/\/www.mariazell-wienerwald.at\/","name":"Mariazell im Wienerwald","description":"","potentialAction":[{"@type":"SearchAction","target":{"@type":"EntryPoint","urlTemplate":"https:\/\/www.mariazell-wienerwald.at\/?s={search_term_string}"},"query-input":"required name=search_term_string"}],"inLanguage":"en-US"},{"@type":"Person","@id":"https:\/\/www.mariazell-wienerwald.at\/#\/schema\/person\/8aa8609a154a15cf2e659bc8d1b8cc68","name":"Thomas Aigner","image":{"@type":"ImageObject","inLanguage":"en-US","@id":"https:\/\/www.mariazell-wienerwald.at\/#\/schema\/person\/image\/","url":"https:\/\/secure.gravatar.com\/avatar\/3036fba9b4bba76d18c9c1c1a271e447?s=96&d=mm&r=g","contentUrl":"https:\/\/secure.gravatar.com\/avatar\/3036fba9b4bba76d18c9c1c1a271e447?s=96&d=mm&r=g","caption":"Thomas Aigner"},"url":"https:\/\/www.mariazell-wienerwald.at\/en\/author\/thomas-aigner\/"}]}},"_links":{"self":[{"href":"https:\/\/www.mariazell-wienerwald.at\/en\/wp-json\/wp\/v2\/posts\/5948"}],"collection":[{"href":"https:\/\/www.mariazell-wienerwald.at\/en\/wp-json\/wp\/v2\/posts"}],"about":[{"href":"https:\/\/www.mariazell-wienerwald.at\/en\/wp-json\/wp\/v2\/types\/post"}],"author":[{"embeddable":true,"href":"https:\/\/www.mariazell-wienerwald.at\/en\/wp-json\/wp\/v2\/users\/3"}],"replies":[{"embeddable":true,"href":"https:\/\/www.mariazell-wienerwald.at\/en\/wp-json\/wp\/v2\/comments?post=5948"}],"version-history":[{"count":1,"href":"https:\/\/www.mariazell-wienerwald.at\/en\/wp-json\/wp\/v2\/posts\/5948\/revisions"}],"predecessor-version":[{"id":5949,"href":"https:\/\/www.mariazell-wienerwald.at\/en\/wp-json\/wp\/v2\/posts\/5948\/revisions\/5949"}],"wp:attachment":[{"href":"https:\/\/www.mariazell-wienerwald.at\/en\/wp-json\/wp\/v2\/media?parent=5948"}],"wp:term":[{"taxonomy":"category","embeddable":true,"href":"https:\/\/www.mariazell-wienerwald.at\/en\/wp-json\/wp\/v2\/categories?post=5948"},{"taxonomy":"post_tag","embeddable":true,"href":"https:\/\/www.mariazell-wienerwald.at\/en\/wp-json\/wp\/v2\/tags?post=5948"}],"curies":[{"name":"wp","href":"https:\/\/api.w.org\/{rel}","templated":true}]}}