{"id":6324,"date":"2024-07-04T18:22:03","date_gmt":"2024-07-04T16:22:03","guid":{"rendered":"https:\/\/www.mariazell-wienerwald.at\/?p=6324"},"modified":"2024-07-04T18:31:33","modified_gmt":"2024-07-04T16:31:33","slug":"stiftskeller-klein-mariazell-feierliche-eroeffnung-mit-grossem-live-open-air","status":"publish","type":"post","link":"https:\/\/www.mariazell-wienerwald.at\/en\/stiftskeller-klein-mariazell-feierliche-eroeffnung-mit-grossem-live-open-air\/","title":{"rendered":"Stiftskeller Klein-Mariazell: Feierliche Er\u00f6ffnung mit gro\u00dfem Live Open-Air!"},"content":{"rendered":"<p><img fetchpriority=\"high\" decoding=\"async\" class=\"wp-image-6126 alignright\" src=\"https:\/\/www.mariazell-wienerwald.at\/wp-content\/uploads\/2024\/04\/20230725_170317-1024x768.jpg\" alt=\"\" width=\"354\" height=\"265\" srcset=\"https:\/\/www.mariazell-wienerwald.at\/wp-content\/uploads\/2024\/04\/20230725_170317-1024x768.jpg 1024w, https:\/\/www.mariazell-wienerwald.at\/wp-content\/uploads\/2024\/04\/20230725_170317-300x225.jpg 300w, https:\/\/www.mariazell-wienerwald.at\/wp-content\/uploads\/2024\/04\/20230725_170317-768x576.jpg 768w, https:\/\/www.mariazell-wienerwald.at\/wp-content\/uploads\/2024\/04\/20230725_170317-1536x1152.jpg 1536w, https:\/\/www.mariazell-wienerwald.at\/wp-content\/uploads\/2024\/04\/20230725_170317-2048x1536.jpg 2048w, https:\/\/www.mariazell-wienerwald.at\/wp-content\/uploads\/2024\/04\/20230725_170317-16x12.jpg 16w, https:\/\/www.mariazell-wienerwald.at\/wp-content\/uploads\/2024\/04\/20230725_170317-600x450.jpg 600w\" sizes=\"(max-width: 354px) 100vw, 354px\" \/>Nach knapp dreij\u00e4hriger Bauzeit erwacht ein historisches Baujuwel zu neuem Leben: einst als Weinkeller f\u00fcr die M\u00f6nche des Benediktinerstiftes (Klein-) Mariazell erbaut, erlebte das Geb\u00e4ude ein wechselvolles Schicksal \u00fcber den teilweisen Abriss bis hin zur Nutzung als LKW-Garage.<\/p>\n<p>Nun aber ist aus dem zuletzt wenig ansehnlichen Bau wieder ein barockes Schmuckk\u00e4stchen geworden, das einen neuen Blickfang in der Region darstellt!<\/p>\n<p>Am Wochenende des 3.\/4. August findet dazu ein umfangreiches Fest statt, das f\u00fcr alle Geschm\u00e4cker etwas zu bieten hat:<\/p>\n<ul>\n<li>Samstag, 3. August: <a href=\"https:\/\/www.mariazell-wienerwald.at\/en\/veranstaltungen\/festakt-feierliche-eroeffnung-des-stiftskellers\/\" target=\"_blank\" rel=\"noopener\"><strong>ab 14.00 Uhr FESTAKT der feierlichen Er\u00f6ffnung<\/strong><\/a> und <a href=\"https:\/\/www.mariazell-wienerwald.at\/en\/veranstaltungen\/open-air-live-konzert\/\" target=\"_blank\" rel=\"noopener\"><strong>ab 16.00 Uhr gro\u00dfes Live Open-Air Konzert mit internationalen Top-Acts<\/strong> <\/a><\/li>\n<li>Sonntag, 4. August: ab 11.00 Uhr Feldmesse im Park und Fr\u00fchschoppen,<a href=\"https:\/\/www.mariazell-wienerwald.at\/en\/veranstaltungen\/buchpraesentation-dorfansichten-von-stefan-smidt\/\" target=\"_blank\" rel=\"noopener\"><strong> ab 14.00 Uhr Buchpr\u00e4sentation &#8222;Dorfansichten&#8220;<\/strong><\/a><\/li>\n<\/ul>\n<p>Alle n\u00e4heren Infos zum revitalisierten Stifskeller finden Sie auf der Website <a href=\"https:\/\/www.stiftskeller.info\" target=\"_blank\" rel=\"noopener\"><strong>www.stiftskeller.info<\/strong><\/a>, sowie zum<strong><a href=\"https:\/\/www.mariazell-wienerwald.at\/wp-content\/uploads\/2024\/04\/20240630_Folder-Stiftskeller-DIN-lang.pdf\" target=\"_blank\" rel=\"noopener\"> Seminar- und Veranstaltungszentrum Klein-Mariazell HIER<\/a><\/strong>.<\/p>","protected":false},"excerpt":{"rendered":"<p>Nach knapp dreij\u00e4hriger Bauzeit erwacht ein historisches Baujuwel zu neuem Leben: einst als Weinkeller f\u00fcr die M\u00f6nche des Benediktinerstiftes (Klein-) Mariazell erbaut, erlebte das Geb\u00e4ude ein wechselvolles Schicksal \u00fcber den teilweisen Abriss bis hin zur Nutzung als LKW-Garage. Nun aber ist aus dem zuletzt wenig ansehnlichen Bau wieder ein barockes Schmuckk\u00e4stchen geworden, das einen neuen [&hellip;]<\/p>","protected":false},"author":3,"featured_media":0,"comment_status":"open","ping_status":"open","sticky":false,"template":"","format":"standard","meta":{"_acf_changed":false,"footnotes":""},"categories":[1],"tags":[],"class_list":["post-6324","post","type-post","status-publish","format-standard","hentry","category-allgemein"],"acf":[],"yoast_head":"<!-- This site is optimized with the Yoast SEO plugin v23.1 - https:\/\/yoast.com\/wordpress\/plugins\/seo\/ -->\n<title>Stiftskeller Klein-Mariazell: Feierliche Er\u00f6ffnung mit gro\u00dfem Live Open-Air! - Mariazell im Wienerwald<\/title>\n<meta name=\"robots\" content=\"index, follow, max-snippet:-1, max-image-preview:large, max-video-preview:-1\" \/>\n<link rel=\"canonical\" href=\"https:\/\/www.mariazell-wienerwald.at\/en\/stiftskeller-klein-mariazell-feierliche-eroeffnung-mit-grossem-live-open-air\/\" \/>\n<meta property=\"og:locale\" content=\"en_US\" \/>\n<meta property=\"og:type\" content=\"article\" \/>\n<meta property=\"og:title\" content=\"Stiftskeller Klein-Mariazell: Feierliche Er\u00f6ffnung mit gro\u00dfem Live Open-Air! - Mariazell im Wienerwald\" \/>\n<meta property=\"og:description\" content=\"Nach knapp dreij\u00e4hriger Bauzeit erwacht ein historisches Baujuwel zu neuem Leben: einst als Weinkeller f\u00fcr die M\u00f6nche des Benediktinerstiftes (Klein-) Mariazell erbaut, erlebte das Geb\u00e4ude ein wechselvolles Schicksal \u00fcber den teilweisen Abriss bis hin zur Nutzung als LKW-Garage. Nun aber ist aus dem zuletzt wenig ansehnlichen Bau wieder ein barockes Schmuckk\u00e4stchen geworden, das einen neuen [&hellip;]\" \/>\n<meta property=\"og:url\" content=\"https:\/\/www.mariazell-wienerwald.at\/en\/stiftskeller-klein-mariazell-feierliche-eroeffnung-mit-grossem-live-open-air\/\" \/>\n<meta property=\"og:site_name\" content=\"Mariazell im Wienerwald\" \/>\n<meta property=\"article:published_time\" content=\"2024-07-04T16:22:03+00:00\" \/>\n<meta property=\"article:modified_time\" content=\"2024-07-04T16:31:33+00:00\" \/>\n<meta property=\"og:image\" content=\"https:\/\/www.mariazell-wienerwald.at\/wp-content\/uploads\/2024\/04\/20230725_170317-1024x768.jpg\" \/>\n<meta name=\"author\" content=\"Thomas Aigner\" \/>\n<meta name=\"twitter:card\" content=\"summary_large_image\" \/>\n<meta name=\"twitter:label1\" content=\"Written by\" \/>\n\t<meta name=\"twitter:data1\" content=\"Thomas Aigner\" \/>\n\t<meta name=\"twitter:label2\" content=\"Est. reading time\" \/>\n\t<meta name=\"twitter:data2\" content=\"1 minute\" \/>\n<script type=\"application\/ld+json\" class=\"yoast-schema-graph\">{\"@context\":\"https:\/\/schema.org\",\"@graph\":[{\"@type\":\"WebPage\",\"@id\":\"https:\/\/www.mariazell-wienerwald.at\/stiftskeller-klein-mariazell-feierliche-eroeffnung-mit-grossem-live-open-air\/\",\"url\":\"https:\/\/www.mariazell-wienerwald.at\/stiftskeller-klein-mariazell-feierliche-eroeffnung-mit-grossem-live-open-air\/\",\"name\":\"Stiftskeller Klein-Mariazell: Feierliche Er\u00f6ffnung mit gro\u00dfem Live Open-Air! - Mariazell im Wienerwald\",\"isPartOf\":{\"@id\":\"https:\/\/www.mariazell-wienerwald.at\/#website\"},\"primaryImageOfPage\":{\"@id\":\"https:\/\/www.mariazell-wienerwald.at\/stiftskeller-klein-mariazell-feierliche-eroeffnung-mit-grossem-live-open-air\/#primaryimage\"},\"image\":{\"@id\":\"https:\/\/www.mariazell-wienerwald.at\/stiftskeller-klein-mariazell-feierliche-eroeffnung-mit-grossem-live-open-air\/#primaryimage\"},\"thumbnailUrl\":\"https:\/\/www.mariazell-wienerwald.at\/wp-content\/uploads\/2024\/04\/20230725_170317-1024x768.jpg\",\"datePublished\":\"2024-07-04T16:22:03+00:00\",\"dateModified\":\"2024-07-04T16:31:33+00:00\",\"author\":{\"@id\":\"https:\/\/www.mariazell-wienerwald.at\/#\/schema\/person\/8aa8609a154a15cf2e659bc8d1b8cc68\"},\"breadcrumb\":{\"@id\":\"https:\/\/www.mariazell-wienerwald.at\/stiftskeller-klein-mariazell-feierliche-eroeffnung-mit-grossem-live-open-air\/#breadcrumb\"},\"inLanguage\":\"en-US\",\"potentialAction\":[{\"@type\":\"ReadAction\",\"target\":[\"https:\/\/www.mariazell-wienerwald.at\/stiftskeller-klein-mariazell-feierliche-eroeffnung-mit-grossem-live-open-air\/\"]}]},{\"@type\":\"ImageObject\",\"inLanguage\":\"en-US\",\"@id\":\"https:\/\/www.mariazell-wienerwald.at\/stiftskeller-klein-mariazell-feierliche-eroeffnung-mit-grossem-live-open-air\/#primaryimage\",\"url\":\"https:\/\/www.mariazell-wienerwald.at\/wp-content\/uploads\/2024\/04\/20230725_170317-1024x768.jpg\",\"contentUrl\":\"https:\/\/www.mariazell-wienerwald.at\/wp-content\/uploads\/2024\/04\/20230725_170317-1024x768.jpg\"},{\"@type\":\"BreadcrumbList\",\"@id\":\"https:\/\/www.mariazell-wienerwald.at\/stiftskeller-klein-mariazell-feierliche-eroeffnung-mit-grossem-live-open-air\/#breadcrumb\",\"itemListElement\":[{\"@type\":\"ListItem\",\"position\":1,\"name\":\"Startseite\",\"item\":\"https:\/\/www.mariazell-wienerwald.at\/\"},{\"@type\":\"ListItem\",\"position\":2,\"name\":\"Stiftskeller Klein-Mariazell: Feierliche Er\u00f6ffnung mit gro\u00dfem Live Open-Air!\"}]},{\"@type\":\"WebSite\",\"@id\":\"https:\/\/www.mariazell-wienerwald.at\/#website\",\"url\":\"https:\/\/www.mariazell-wienerwald.at\/\",\"name\":\"Mariazell im Wienerwald\",\"description\":\"\",\"potentialAction\":[{\"@type\":\"SearchAction\",\"target\":{\"@type\":\"EntryPoint\",\"urlTemplate\":\"https:\/\/www.mariazell-wienerwald.at\/?s={search_term_string}\"},\"query-input\":\"required name=search_term_string\"}],\"inLanguage\":\"en-US\"},{\"@type\":\"Person\",\"@id\":\"https:\/\/www.mariazell-wienerwald.at\/#\/schema\/person\/8aa8609a154a15cf2e659bc8d1b8cc68\",\"name\":\"Thomas Aigner\",\"image\":{\"@type\":\"ImageObject\",\"inLanguage\":\"en-US\",\"@id\":\"https:\/\/www.mariazell-wienerwald.at\/#\/schema\/person\/image\/\",\"url\":\"https:\/\/secure.gravatar.com\/avatar\/3036fba9b4bba76d18c9c1c1a271e447?s=96&d=mm&r=g\",\"contentUrl\":\"https:\/\/secure.gravatar.com\/avatar\/3036fba9b4bba76d18c9c1c1a271e447?s=96&d=mm&r=g\",\"caption\":\"Thomas Aigner\"},\"url\":\"https:\/\/www.mariazell-wienerwald.at\/en\/author\/thomas-aigner\/\"}]}<\/script>\n<!-- \/ Yoast SEO plugin. -->","yoast_head_json":{"title":"Stiftskeller Klein-Mariazell: Feierliche Er\u00f6ffnung mit gro\u00dfem Live Open-Air! - Mariazell im Wienerwald","robots":{"index":"index","follow":"follow","max-snippet":"max-snippet:-1","max-image-preview":"max-image-preview:large","max-video-preview":"max-video-preview:-1"},"canonical":"https:\/\/www.mariazell-wienerwald.at\/en\/stiftskeller-klein-mariazell-feierliche-eroeffnung-mit-grossem-live-open-air\/","og_locale":"en_US","og_type":"article","og_title":"Stiftskeller Klein-Mariazell: Feierliche Er\u00f6ffnung mit gro\u00dfem Live Open-Air! - Mariazell im Wienerwald","og_description":"Nach knapp dreij\u00e4hriger Bauzeit erwacht ein historisches Baujuwel zu neuem Leben: einst als Weinkeller f\u00fcr die M\u00f6nche des Benediktinerstiftes (Klein-) Mariazell erbaut, erlebte das Geb\u00e4ude ein wechselvolles Schicksal \u00fcber den teilweisen Abriss bis hin zur Nutzung als LKW-Garage. Nun aber ist aus dem zuletzt wenig ansehnlichen Bau wieder ein barockes Schmuckk\u00e4stchen geworden, das einen neuen [&hellip;]","og_url":"https:\/\/www.mariazell-wienerwald.at\/en\/stiftskeller-klein-mariazell-feierliche-eroeffnung-mit-grossem-live-open-air\/","og_site_name":"Mariazell im Wienerwald","article_published_time":"2024-07-04T16:22:03+00:00","article_modified_time":"2024-07-04T16:31:33+00:00","og_image":[{"url":"https:\/\/www.mariazell-wienerwald.at\/wp-content\/uploads\/2024\/04\/20230725_170317-1024x768.jpg"}],"author":"Thomas Aigner","twitter_card":"summary_large_image","twitter_misc":{"Written by":"Thomas Aigner","Est. reading time":"1 minute"},"schema":{"@context":"https:\/\/schema.org","@graph":[{"@type":"WebPage","@id":"https:\/\/www.mariazell-wienerwald.at\/stiftskeller-klein-mariazell-feierliche-eroeffnung-mit-grossem-live-open-air\/","url":"https:\/\/www.mariazell-wienerwald.at\/stiftskeller-klein-mariazell-feierliche-eroeffnung-mit-grossem-live-open-air\/","name":"Stiftskeller Klein-Mariazell: Feierliche Er\u00f6ffnung mit gro\u00dfem Live Open-Air! - Mariazell im Wienerwald","isPartOf":{"@id":"https:\/\/www.mariazell-wienerwald.at\/#website"},"primaryImageOfPage":{"@id":"https:\/\/www.mariazell-wienerwald.at\/stiftskeller-klein-mariazell-feierliche-eroeffnung-mit-grossem-live-open-air\/#primaryimage"},"image":{"@id":"https:\/\/www.mariazell-wienerwald.at\/stiftskeller-klein-mariazell-feierliche-eroeffnung-mit-grossem-live-open-air\/#primaryimage"},"thumbnailUrl":"https:\/\/www.mariazell-wienerwald.at\/wp-content\/uploads\/2024\/04\/20230725_170317-1024x768.jpg","datePublished":"2024-07-04T16:22:03+00:00","dateModified":"2024-07-04T16:31:33+00:00","author":{"@id":"https:\/\/www.mariazell-wienerwald.at\/#\/schema\/person\/8aa8609a154a15cf2e659bc8d1b8cc68"},"breadcrumb":{"@id":"https:\/\/www.mariazell-wienerwald.at\/stiftskeller-klein-mariazell-feierliche-eroeffnung-mit-grossem-live-open-air\/#breadcrumb"},"inLanguage":"en-US","potentialAction":[{"@type":"ReadAction","target":["https:\/\/www.mariazell-wienerwald.at\/stiftskeller-klein-mariazell-feierliche-eroeffnung-mit-grossem-live-open-air\/"]}]},{"@type":"ImageObject","inLanguage":"en-US","@id":"https:\/\/www.mariazell-wienerwald.at\/stiftskeller-klein-mariazell-feierliche-eroeffnung-mit-grossem-live-open-air\/#primaryimage","url":"https:\/\/www.mariazell-wienerwald.at\/wp-content\/uploads\/2024\/04\/20230725_170317-1024x768.jpg","contentUrl":"https:\/\/www.mariazell-wienerwald.at\/wp-content\/uploads\/2024\/04\/20230725_170317-1024x768.jpg"},{"@type":"BreadcrumbList","@id":"https:\/\/www.mariazell-wienerwald.at\/stiftskeller-klein-mariazell-feierliche-eroeffnung-mit-grossem-live-open-air\/#breadcrumb","itemListElement":[{"@type":"ListItem","position":1,"name":"Startseite","item":"https:\/\/www.mariazell-wienerwald.at\/"},{"@type":"ListItem","position":2,"name":"Stiftskeller Klein-Mariazell: Feierliche Er\u00f6ffnung mit gro\u00dfem Live Open-Air!"}]},{"@type":"WebSite","@id":"https:\/\/www.mariazell-wienerwald.at\/#website","url":"https:\/\/www.mariazell-wienerwald.at\/","name":"Mariazell im Wienerwald","description":"","potentialAction":[{"@type":"SearchAction","target":{"@type":"EntryPoint","urlTemplate":"https:\/\/www.mariazell-wienerwald.at\/?s={search_term_string}"},"query-input":"required name=search_term_string"}],"inLanguage":"en-US"},{"@type":"Person","@id":"https:\/\/www.mariazell-wienerwald.at\/#\/schema\/person\/8aa8609a154a15cf2e659bc8d1b8cc68","name":"Thomas Aigner","image":{"@type":"ImageObject","inLanguage":"en-US","@id":"https:\/\/www.mariazell-wienerwald.at\/#\/schema\/person\/image\/","url":"https:\/\/secure.gravatar.com\/avatar\/3036fba9b4bba76d18c9c1c1a271e447?s=96&d=mm&r=g","contentUrl":"https:\/\/secure.gravatar.com\/avatar\/3036fba9b4bba76d18c9c1c1a271e447?s=96&d=mm&r=g","caption":"Thomas Aigner"},"url":"https:\/\/www.mariazell-wienerwald.at\/en\/author\/thomas-aigner\/"}]}},"_links":{"self":[{"href":"https:\/\/www.mariazell-wienerwald.at\/en\/wp-json\/wp\/v2\/posts\/6324"}],"collection":[{"href":"https:\/\/www.mariazell-wienerwald.at\/en\/wp-json\/wp\/v2\/posts"}],"about":[{"href":"https:\/\/www.mariazell-wienerwald.at\/en\/wp-json\/wp\/v2\/types\/post"}],"author":[{"embeddable":true,"href":"https:\/\/www.mariazell-wienerwald.at\/en\/wp-json\/wp\/v2\/users\/3"}],"replies":[{"embeddable":true,"href":"https:\/\/www.mariazell-wienerwald.at\/en\/wp-json\/wp\/v2\/comments?post=6324"}],"version-history":[{"count":4,"href":"https:\/\/www.mariazell-wienerwald.at\/en\/wp-json\/wp\/v2\/posts\/6324\/revisions"}],"predecessor-version":[{"id":6330,"href":"https:\/\/www.mariazell-wienerwald.at\/en\/wp-json\/wp\/v2\/posts\/6324\/revisions\/6330"}],"wp:attachment":[{"href":"https:\/\/www.mariazell-wienerwald.at\/en\/wp-json\/wp\/v2\/media?parent=6324"}],"wp:term":[{"taxonomy":"category","embeddable":true,"href":"https:\/\/www.mariazell-wienerwald.at\/en\/wp-json\/wp\/v2\/categories?post=6324"},{"taxonomy":"post_tag","embeddable":true,"href":"https:\/\/www.mariazell-wienerwald.at\/en\/wp-json\/wp\/v2\/tags?post=6324"}],"curies":[{"name":"wp","href":"https:\/\/api.w.org\/{rel}","templated":true}]}}