{"id":1917,"date":"2020-04-21T17:24:34","date_gmt":"2020-04-21T15:24:34","guid":{"rendered":"https:\/\/www.mariazell-wienerwald.at\/?post_type=presse&#038;p=1917"},"modified":"2020-04-21T17:24:34","modified_gmt":"2020-04-21T15:24:34","slug":"orf2-noe-heute-bericht-ueber-bergl-jubilaeum","status":"publish","type":"presse","link":"https:\/\/www.mariazell-wienerwald.at\/en\/presse\/orf2-noe-heute-bericht-ueber-bergl-jubilaeum\/","title":{"rendered":"ORF2 N\u00d6 HEUTE: Bericht \u00fcber Bergl-Jubil\u00e4um"},"content":{"rendered":"","protected":false},"excerpt":{"rendered":"","protected":false},"template":"","presse-kategorien":[25],"class_list":["post-1917","presse","type-presse","status-publish","hentry","presse-kategorien-medien-beitraege"],"acf":[],"yoast_head":"<!-- This site is optimized with the Yoast SEO plugin v23.1 - https:\/\/yoast.com\/wordpress\/plugins\/seo\/ -->\n<title>ORF2 N\u00d6 HEUTE: Bericht \u00fcber Bergl-Jubil\u00e4um - Mariazell im Wienerwald<\/title>\n<meta name=\"robots\" content=\"index, follow, max-snippet:-1, max-image-preview:large, max-video-preview:-1\" \/>\n<link rel=\"canonical\" href=\"https:\/\/www.mariazell-wienerwald.at\/en\/presse\/orf2-noe-heute-bericht-ueber-bergl-jubilaeum\/\" \/>\n<meta property=\"og:locale\" content=\"en_US\" \/>\n<meta property=\"og:type\" content=\"article\" \/>\n<meta property=\"og:title\" content=\"ORF2 N\u00d6 HEUTE: Bericht \u00fcber Bergl-Jubil\u00e4um - Mariazell im Wienerwald\" \/>\n<meta property=\"og:url\" content=\"https:\/\/www.mariazell-wienerwald.at\/en\/presse\/orf2-noe-heute-bericht-ueber-bergl-jubilaeum\/\" \/>\n<meta property=\"og:site_name\" content=\"Mariazell im Wienerwald\" \/>\n<meta name=\"twitter:card\" content=\"summary_large_image\" \/>\n<script type=\"application\/ld+json\" class=\"yoast-schema-graph\">{\"@context\":\"https:\/\/schema.org\",\"@graph\":[{\"@type\":\"WebPage\",\"@id\":\"https:\/\/www.mariazell-wienerwald.at\/presse\/orf2-noe-heute-bericht-ueber-bergl-jubilaeum\/\",\"url\":\"https:\/\/www.mariazell-wienerwald.at\/presse\/orf2-noe-heute-bericht-ueber-bergl-jubilaeum\/\",\"name\":\"ORF2 N\u00d6 HEUTE: Bericht \u00fcber Bergl-Jubil\u00e4um - Mariazell im Wienerwald\",\"isPartOf\":{\"@id\":\"https:\/\/www.mariazell-wienerwald.at\/#website\"},\"datePublished\":\"2020-04-21T15:24:34+00:00\",\"dateModified\":\"2020-04-21T15:24:34+00:00\",\"breadcrumb\":{\"@id\":\"https:\/\/www.mariazell-wienerwald.at\/presse\/orf2-noe-heute-bericht-ueber-bergl-jubilaeum\/#breadcrumb\"},\"inLanguage\":\"en-US\",\"potentialAction\":[{\"@type\":\"ReadAction\",\"target\":[\"https:\/\/www.mariazell-wienerwald.at\/presse\/orf2-noe-heute-bericht-ueber-bergl-jubilaeum\/\"]}]},{\"@type\":\"BreadcrumbList\",\"@id\":\"https:\/\/www.mariazell-wienerwald.at\/presse\/orf2-noe-heute-bericht-ueber-bergl-jubilaeum\/#breadcrumb\",\"itemListElement\":[{\"@type\":\"ListItem\",\"position\":1,\"name\":\"Startseite\",\"item\":\"https:\/\/www.mariazell-wienerwald.at\/\"},{\"@type\":\"ListItem\",\"position\":2,\"name\":\"Presse\",\"item\":\"https:\/\/www.mariazell-wienerwald.at\/en\/presse\/\"},{\"@type\":\"ListItem\",\"position\":3,\"name\":\"ORF2 N\u00d6 HEUTE: Bericht \u00fcber Bergl-Jubil\u00e4um\"}]},{\"@type\":\"WebSite\",\"@id\":\"https:\/\/www.mariazell-wienerwald.at\/#website\",\"url\":\"https:\/\/www.mariazell-wienerwald.at\/\",\"name\":\"Mariazell im Wienerwald\",\"description\":\"\",\"potentialAction\":[{\"@type\":\"SearchAction\",\"target\":{\"@type\":\"EntryPoint\",\"urlTemplate\":\"https:\/\/www.mariazell-wienerwald.at\/?s={search_term_string}\"},\"query-input\":\"required name=search_term_string\"}],\"inLanguage\":\"en-US\"}]}<\/script>\n<!-- \/ Yoast SEO plugin. -->","yoast_head_json":{"title":"ORF2 N\u00d6 HEUTE: Bericht \u00fcber Bergl-Jubil\u00e4um - Mariazell im Wienerwald","robots":{"index":"index","follow":"follow","max-snippet":"max-snippet:-1","max-image-preview":"max-image-preview:large","max-video-preview":"max-video-preview:-1"},"canonical":"https:\/\/www.mariazell-wienerwald.at\/en\/presse\/orf2-noe-heute-bericht-ueber-bergl-jubilaeum\/","og_locale":"en_US","og_type":"article","og_title":"ORF2 N\u00d6 HEUTE: Bericht \u00fcber Bergl-Jubil\u00e4um - Mariazell im Wienerwald","og_url":"https:\/\/www.mariazell-wienerwald.at\/en\/presse\/orf2-noe-heute-bericht-ueber-bergl-jubilaeum\/","og_site_name":"Mariazell im Wienerwald","twitter_card":"summary_large_image","schema":{"@context":"https:\/\/schema.org","@graph":[{"@type":"WebPage","@id":"https:\/\/www.mariazell-wienerwald.at\/presse\/orf2-noe-heute-bericht-ueber-bergl-jubilaeum\/","url":"https:\/\/www.mariazell-wienerwald.at\/presse\/orf2-noe-heute-bericht-ueber-bergl-jubilaeum\/","name":"ORF2 N\u00d6 HEUTE: Bericht \u00fcber Bergl-Jubil\u00e4um - Mariazell im Wienerwald","isPartOf":{"@id":"https:\/\/www.mariazell-wienerwald.at\/#website"},"datePublished":"2020-04-21T15:24:34+00:00","dateModified":"2020-04-21T15:24:34+00:00","breadcrumb":{"@id":"https:\/\/www.mariazell-wienerwald.at\/presse\/orf2-noe-heute-bericht-ueber-bergl-jubilaeum\/#breadcrumb"},"inLanguage":"en-US","potentialAction":[{"@type":"ReadAction","target":["https:\/\/www.mariazell-wienerwald.at\/presse\/orf2-noe-heute-bericht-ueber-bergl-jubilaeum\/"]}]},{"@type":"BreadcrumbList","@id":"https:\/\/www.mariazell-wienerwald.at\/presse\/orf2-noe-heute-bericht-ueber-bergl-jubilaeum\/#breadcrumb","itemListElement":[{"@type":"ListItem","position":1,"name":"Startseite","item":"https:\/\/www.mariazell-wienerwald.at\/"},{"@type":"ListItem","position":2,"name":"Presse","item":"https:\/\/www.mariazell-wienerwald.at\/en\/presse\/"},{"@type":"ListItem","position":3,"name":"ORF2 N\u00d6 HEUTE: Bericht \u00fcber Bergl-Jubil\u00e4um"}]},{"@type":"WebSite","@id":"https:\/\/www.mariazell-wienerwald.at\/#website","url":"https:\/\/www.mariazell-wienerwald.at\/","name":"Mariazell im Wienerwald","description":"","potentialAction":[{"@type":"SearchAction","target":{"@type":"EntryPoint","urlTemplate":"https:\/\/www.mariazell-wienerwald.at\/?s={search_term_string}"},"query-input":"required name=search_term_string"}],"inLanguage":"en-US"}]}},"_links":{"self":[{"href":"https:\/\/www.mariazell-wienerwald.at\/en\/wp-json\/wp\/v2\/presse\/1917"}],"collection":[{"href":"https:\/\/www.mariazell-wienerwald.at\/en\/wp-json\/wp\/v2\/presse"}],"about":[{"href":"https:\/\/www.mariazell-wienerwald.at\/en\/wp-json\/wp\/v2\/types\/presse"}],"wp:attachment":[{"href":"https:\/\/www.mariazell-wienerwald.at\/en\/wp-json\/wp\/v2\/media?parent=1917"}],"wp:term":[{"taxonomy":"presse-kategorien","embeddable":true,"href":"https:\/\/www.mariazell-wienerwald.at\/en\/wp-json\/wp\/v2\/presse-kategorien?post=1917"}],"curies":[{"name":"wp","href":"https:\/\/api.w.org\/{rel}","templated":true}]}}